{"id":38424,"date":"2025-10-03T01:37:41","date_gmt":"2025-10-03T01:37:41","guid":{"rendered":"https:\/\/radiocresatelital.com\/?p=38424"},"modified":"2025-10-03T01:37:41","modified_gmt":"2025-10-03T01:37:41","slug":"trionda-fue-presentado-como-el-balon-oficial-del-mundial-2026","status":"publish","type":"post","link":"https:\/\/radiocresatelital.com\/?p=38424","title":{"rendered":"Trionda fue presentado como el Bal\u00f3n Oficial del Mundial 2026"},"content":{"rendered":"<p>Z\u00farich.- La Federaci\u00f3n Internacional de F\u00fatbol Asociado (FIFA) y Adidas quienes estuvieron con las figuras emblem\u00e1ticas de Estados Unidos, Canad\u00e1 y M\u00e9xico, estuvieron presentes durante la presentaci\u00f3n oficial del Bal\u00f3n oficial que rodar\u00e1 en el Mundial 2026 cuyo nombre es Trionda.<\/p>\n<p>La pelota combina tecnolog\u00eda de punta a partir de cuatro paneles geom\u00e9tricos y trazos ondulados que aluden a la uni\u00f3n de los tres pa\u00edses organizadores de la vig\u00e9sima tercera edici\u00f3n del torneo, que por primera vez acoger\u00e1 a selecciones de 48 pa\u00edses.<\/p>\n<p>Cada panel incorpora los colores que representan a los organizadores \u2014azul, rojo y verde\u2014, que se enlazan formando un tri\u00e1ngulo alusivo a la in\u00e9dita uni\u00f3n de tres pa\u00edses como sedes.<\/p>\n<p>El Trionda est\u00e1 equipado con un sensor de movimiento de 500 hercios (Hz) que transmite datos en tiempo real al VAR, lo que permitir\u00e1 un an\u00e1lisis m\u00e1s preciso de cada jugada pol\u00e9mica y contribuir\u00e1 a decisiones arbitrales m\u00e1s certeras.<\/p>\n<p><img decoding=\"async\" class=\"aligncenter\" src=\"https:\/\/i0.wp.com\/efe.com\/wp-content\/uploads\/2025\/10\/H24587-WC26_OMB_Global_Product_Pro_Ball_Family_Stacked_16x9-1355548.webp?resize=980%2C551&amp;ssl=1\" alt=\"Trionda, el bal\u00f3n oficial del Mundial de 2026, es presentado en sociedad\" \/><\/p>\n<p>La tecnolog\u00eda es capaz de determinar el momento exacto del golpeo al bal\u00f3n, incluso cuando un jugador lo toca con la mano. De esta forma, se prev\u00e9 el fin del doble o triple toque que algunos lanzadores aplican a la pelota al ejecutar un penalti.<\/p>\n<p>Las costuras profundas y los gr\u00e1ficos en relieve prometen mejorar la aerodin\u00e1mica, la estabilidad en el aire y la adherencia del Trionda en condiciones clim\u00e1ticas adversas. Los detalles dorados evocan la copa m\u00e1s codiciada del f\u00fatbol mundial.<\/p>\n<p>\u201cTenemos aqu\u00ed el precioso bal\u00f3n oficial de la Copa Mundial de la FIFA 26. Me alegra y me enorgullece presentar el TRIONDA. Adidas ha creado un bal\u00f3n emblem\u00e1tico que representa la unidad y la pasi\u00f3n de los pa\u00edses anfitriones. Estoy deseando ver los primeros goles con esta maravillosa pelota\u201d, dijo el presidente de la FIFA, Gianni Infantino.<\/p>\n<p>El sorteo del pr\u00f3ximo Mundial se celebrar\u00e1 el 5 de diciembre en Washington.<\/p>\n","protected":false},"excerpt":{"rendered":"<p>Z\u00farich.- La Federaci\u00f3n Internacional de F\u00fatbol Asociado (FIFA) y Adidas quienes estuvieron con las figuras emblem\u00e1ticas de Estados Unidos, Canad\u00e1 y M\u00e9xico, estuvieron presentes durante la presentaci\u00f3n oficial del Bal\u00f3n oficial que rodar\u00e1 en el Mundial 2026 cuyo nombre es Trionda. La pelota combina tecnolog\u00eda de punta a partir de cuatro paneles geom\u00e9tricos y trazos [&hellip;]<\/p>\n","protected":false},"author":2,"featured_media":38425,"comment_status":"open","ping_status":"closed","sticky":false,"template":"","format":"standard","meta":{"_jetpack_memberships_contains_paid_content":false,"footnotes":""},"categories":[955],"tags":[6073],"class_list":["post-38424","post","type-post","status-publish","format-standard","has-post-thumbnail","hentry","category-mundial-de-futbol","tag-trionda"],"jetpack_featured_media_url":"https:\/\/radiocresatelital.com\/wp-content\/uploads\/2025\/10\/MM5_FIFA_World_Cup_2026_Ball_02Oct2025_ZU0402.webp","jetpack_sharing_enabled":true,"_links":{"self":[{"href":"https:\/\/radiocresatelital.com\/index.php?rest_route=\/wp\/v2\/posts\/38424","targetHints":{"allow":["GET"]}}],"collection":[{"href":"https:\/\/radiocresatelital.com\/index.php?rest_route=\/wp\/v2\/posts"}],"about":[{"href":"https:\/\/radiocresatelital.com\/index.php?rest_route=\/wp\/v2\/types\/post"}],"author":[{"embeddable":true,"href":"https:\/\/radiocresatelital.com\/index.php?rest_route=\/wp\/v2\/users\/2"}],"replies":[{"embeddable":true,"href":"https:\/\/radiocresatelital.com\/index.php?rest_route=%2Fwp%2Fv2%2Fcomments&post=38424"}],"version-history":[{"count":1,"href":"https:\/\/radiocresatelital.com\/index.php?rest_route=\/wp\/v2\/posts\/38424\/revisions"}],"predecessor-version":[{"id":38426,"href":"https:\/\/radiocresatelital.com\/index.php?rest_route=\/wp\/v2\/posts\/38424\/revisions\/38426"}],"wp:featuredmedia":[{"embeddable":true,"href":"https:\/\/radiocresatelital.com\/index.php?rest_route=\/wp\/v2\/media\/38425"}],"wp:attachment":[{"href":"https:\/\/radiocresatelital.com\/index.php?rest_route=%2Fwp%2Fv2%2Fmedia&parent=38424"}],"wp:term":[{"taxonomy":"category","embeddable":true,"href":"https:\/\/radiocresatelital.com\/index.php?rest_route=%2Fwp%2Fv2%2Fcategories&post=38424"},{"taxonomy":"post_tag","embeddable":true,"href":"https:\/\/radiocresatelital.com\/index.php?rest_route=%2Fwp%2Fv2%2Ftags&post=38424"}],"curies":[{"name":"wp","href":"https:\/\/api.w.org\/{rel}","templated":true}]}}