{"id":38413,"date":"2025-10-02T22:14:01","date_gmt":"2025-10-02T22:14:01","guid":{"rendered":"https:\/\/radiocresatelital.com\/?p=38413"},"modified":"2025-10-02T22:14:01","modified_gmt":"2025-10-02T22:14:01","slug":"en-guayas-mas-de-6-000-estudiantes-de-las-escuelas-de-futbol-de-la-prefectura-accederan-sin-costo-a-partidos-y-actividades-formativas-por-alianza-con-la-liga-nacional-de-leyendas","status":"publish","type":"post","link":"https:\/\/radiocresatelital.com\/?p=38413","title":{"rendered":"En Guayas, m\u00e1s de 6.000 estudiantes de las Escuelas de F\u00fatbol de la Prefectura, acceder\u00e1n sin costo a partidos y actividades formativas por alianza con la Liga Nacional de Leyendas"},"content":{"rendered":"<p><span style=\"font-weight: 400;\">Guayaquil.- El lanzamiento oficial de la Liga Nacional de Leyendas reuni\u00f3 en Guayaquil a los \u00eddolos del balompi\u00e9 ecuatoriano, en un evento que consolid\u00f3 a la Prefectura del Guayas como l\u00edder en la promoci\u00f3n del deporte y la memoria hist\u00f3rica. Los uniformes oficiales de los nueve equipos participantes del torneo que empezar\u00e1 en la regi\u00f3n Costa, fueron presentados en una rueda de prensa, en la que, adem\u00e1s se dieron a conocer los beneficios que recibir\u00e1n los estudiantes de las Escuelas de F\u00fatbol del Gobierno Provincial.\u00a0<\/span><\/p>\n<p><span style=\"font-weight: 400;\">La alianza p\u00fablico-privada, beneficiar\u00e1 a los alumnos guayasenses con su participaci\u00f3n en actividades formativas, encuentros, charlas motivacionales y visitas a camerinos; tambi\u00e9n podr\u00e1n ingresar a la cancha junto a las leyendas. Adem\u00e1s, se abren espacios de recreaci\u00f3n para que disfruten gratuitamente de los partidos, junto a sus familias. \u201cLes inculca muchos valores, aprenden sobre las experiencias de ellos, sus experiencias como profesionales, t\u00e1cticas, t\u00e9cnicas\u201d, asegur\u00f3 El director de Educaci\u00f3n y Deportes de la Prefectura, Carlos Ballesteros.\u00a0<\/span><\/p>\n<p><span style=\"font-weight: 400;\">Para M\u00e1ximo Banguera, presidente de la Liga Nacional de Leyendas, el respaldo de la m\u00e1xima autoridad, Marcela Agui\u00f1aga, ha sido esencial para llevar a cabo el proyecto que permitir\u00e1 que los j\u00f3venes conozcan a los jugadores que hicieron historia: \u201cQue ellos puedan saber que, en alg\u00fan momento, ellos puedan ser las futuras leyendas de nuestro f\u00fatbol\u201d, se\u00f1al\u00f3.\u00a0<\/span><\/p>\n<p><span style=\"font-weight: 400;\">Para figuras reconocidas del f\u00fatbol, como Silvano Estacio, este proyecto tambi\u00e9n les brinda la posibilidad de reincorporarse laboralmente. \u201cA trav\u00e9s de esto cumplimos un sue\u00f1o que pensamos que ya estaba enterrado y, gracias a Dios, y gracias a la Prefecta tambi\u00e9n por darnos esa oportunidad para seguir adelante\u201d.<\/span><\/p>\n<p><span style=\"font-weight: 400;\">De esta manera, la Prefectura del Guayas refuerza su compromiso con el deporte como herramienta de inclusi\u00f3n social y se consolida como un actor clave en la recuperaci\u00f3n de la memoria hist\u00f3rica del balompi\u00e9 ecuatoriano.<\/span><\/p>\n","protected":false},"excerpt":{"rendered":"<p>Guayaquil.- El lanzamiento oficial de la Liga Nacional de Leyendas reuni\u00f3 en Guayaquil a los \u00eddolos del balompi\u00e9 ecuatoriano, en un evento que consolid\u00f3 a la Prefectura del Guayas como l\u00edder en la promoci\u00f3n del deporte y la memoria hist\u00f3rica. Los uniformes oficiales de los nueve equipos participantes del torneo que empezar\u00e1 en la regi\u00f3n [&hellip;]<\/p>\n","protected":false},"author":2,"featured_media":38414,"comment_status":"open","ping_status":"closed","sticky":false,"template":"","format":"standard","meta":{"_jetpack_memberships_contains_paid_content":false,"footnotes":""},"categories":[13],"tags":[6070,6069,415],"class_list":["post-38413","post","type-post","status-publish","format-standard","has-post-thumbnail","hentry","category-noticias-nacionales","tag-escuelas-de-futbol-del-gobierno-provincial","tag-liga-nacional-de-leyendas","tag-prefectura-ciudadana-del-guayas"],"jetpack_featured_media_url":"https:\/\/radiocresatelital.com\/wp-content\/uploads\/2025\/10\/WhatsApp-Image-2025-10-02-at-15.36.54-2.jpeg","jetpack_sharing_enabled":true,"_links":{"self":[{"href":"https:\/\/radiocresatelital.com\/index.php?rest_route=\/wp\/v2\/posts\/38413","targetHints":{"allow":["GET"]}}],"collection":[{"href":"https:\/\/radiocresatelital.com\/index.php?rest_route=\/wp\/v2\/posts"}],"about":[{"href":"https:\/\/radiocresatelital.com\/index.php?rest_route=\/wp\/v2\/types\/post"}],"author":[{"embeddable":true,"href":"https:\/\/radiocresatelital.com\/index.php?rest_route=\/wp\/v2\/users\/2"}],"replies":[{"embeddable":true,"href":"https:\/\/radiocresatelital.com\/index.php?rest_route=%2Fwp%2Fv2%2Fcomments&post=38413"}],"version-history":[{"count":1,"href":"https:\/\/radiocresatelital.com\/index.php?rest_route=\/wp\/v2\/posts\/38413\/revisions"}],"predecessor-version":[{"id":38415,"href":"https:\/\/radiocresatelital.com\/index.php?rest_route=\/wp\/v2\/posts\/38413\/revisions\/38415"}],"wp:featuredmedia":[{"embeddable":true,"href":"https:\/\/radiocresatelital.com\/index.php?rest_route=\/wp\/v2\/media\/38414"}],"wp:attachment":[{"href":"https:\/\/radiocresatelital.com\/index.php?rest_route=%2Fwp%2Fv2%2Fmedia&parent=38413"}],"wp:term":[{"taxonomy":"category","embeddable":true,"href":"https:\/\/radiocresatelital.com\/index.php?rest_route=%2Fwp%2Fv2%2Fcategories&post=38413"},{"taxonomy":"post_tag","embeddable":true,"href":"https:\/\/radiocresatelital.com\/index.php?rest_route=%2Fwp%2Fv2%2Ftags&post=38413"}],"curies":[{"name":"wp","href":"https:\/\/api.w.org\/{rel}","templated":true}]}}