{"id":38410,"date":"2025-10-02T22:10:49","date_gmt":"2025-10-02T22:10:49","guid":{"rendered":"https:\/\/radiocresatelital.com\/?p=38410"},"modified":"2025-10-02T22:10:49","modified_gmt":"2025-10-02T22:10:49","slug":"jovenes-que-inspiran-celebran-a-guayaquil-con-periodicos-murales-hechos-con-material-reciclable","status":"publish","type":"post","link":"https:\/\/radiocresatelital.com\/?p=38410","title":{"rendered":"J\u00f3venes que inspiran celebran a Guayaquil con peri\u00f3dicos murales hechos con material reciclable"},"content":{"rendered":"<p>Guayaquil.- Con alegr\u00eda, civismo y creatividad, estudiantes de 12 unidades educativas rindieron homenaje a los 205 a\u00f1os de independencia de la Perla del Pac\u00edfico en el Concurso de Peri\u00f3dicos Murales \u201cGuayaquil, Unidos por la Libertad\u201d<\/p>\n<p>La jornada inici\u00f3 en el Palacio Sim\u00f3n Bol\u00edvar con la presencia del gobernador Humberto Plaza y m\u00e1s de 200 estudiantes, destacando la oratoria \u201cGuayaquil, mi orgullo\u201d y la emotiva interpretaci\u00f3n musical de \u00c1ngela D\u00edaz del Conservatorio Antonio Neumane\u201d<\/p>\n<p>Posteriormente, los peri\u00f3dicos murales fueron exhibidos en la Plaza de la Administraci\u00f3n, donde ciudadanos y visitantes elogiaron el talento y civismo de los j\u00f3venes. Cada mural, elaborado con cart\u00f3n, papel, botellas y tapillas, reflej\u00f3 orgullo patrio, conciencia ambiental y el esp\u00edritu de libertad que inspira a Guayaquil.<\/p>\n<p>La autoridad provincial, Humberto Plaza resalt\u00f3 que \u201cLos 205 a\u00f1os de independencia de Guayaquil se celebran con civismo, unidad y compromiso.<\/p>\n<p>Hoy nuestros j\u00f3venes son los protagonistas y con estas iniciativas reafirmamos su talento y pasi\u00f3n por la ciudad\u201d.<\/p>\n<p>Madres de familia y estudiantes coincidieron en que este concurso fortalece valores, rescata la historia y abre espacios de creatividad para la juventud guayaquile\u00f1a.<\/p>\n<p>Las instituciones participantes de los 12 distritos recibieron certificaciones. El Jurado calificador integrado por Tirone Acu\u00f1a (gestor y productor art\u00edstico), Cristhian N\u00fa\u00f1ez (director esc\u00e9nico) y Karen Cetre Nolivos (acad\u00e9mica),<br \/>\nevaluaron originalidad, mensaje c\u00edvico, uso de materiales reciclables y presentaci\u00f3n general.<\/p>\n<p>Los ganadores se anunciar\u00e1n el 9 de octubre en las redes sociales de la Gobernaci\u00f3n, y ser\u00e1n premiados en los Minutos C\u00edvicos semanales.<\/p>\n<p>Este concurso, parte de la campa\u00f1a \u201cJ\u00f3venes que inspiran\u201d y de la Agenda Octubrina, reafirma el compromiso del Gobierno del Nuevo Ecuador y la Gobernaci\u00f3n del Guayas con la educaci\u00f3n, la cultura y la identidad c\u00edvica,<br \/>\ninspirando a nuevas generaciones a construir un futuro con amor por su ciudad y orgullo por su historia.<\/p>\n","protected":false},"excerpt":{"rendered":"<p>Guayaquil.- Con alegr\u00eda, civismo y creatividad, estudiantes de 12 unidades educativas rindieron homenaje a los 205 a\u00f1os de independencia de la Perla del Pac\u00edfico en el Concurso de Peri\u00f3dicos Murales \u201cGuayaquil, Unidos por la Libertad\u201d La jornada inici\u00f3 en el Palacio Sim\u00f3n Bol\u00edvar con la presencia del gobernador Humberto Plaza y m\u00e1s de 200 estudiantes, [&hellip;]<\/p>\n","protected":false},"author":2,"featured_media":38411,"comment_status":"open","ping_status":"closed","sticky":false,"template":"","format":"standard","meta":{"_jetpack_memberships_contains_paid_content":false,"footnotes":""},"categories":[13],"tags":[6067,6068],"class_list":["post-38410","post","type-post","status-publish","format-standard","has-post-thumbnail","hentry","category-noticias-nacionales","tag-concurso-de-periodicos-murales-guayaquil","tag-unidos-por-la-libertad"],"jetpack_featured_media_url":"https:\/\/radiocresatelital.com\/wp-content\/uploads\/2025\/10\/murales-creativos-fueron-tematica-reciclarte5.jpg","jetpack_sharing_enabled":true,"_links":{"self":[{"href":"https:\/\/radiocresatelital.com\/index.php?rest_route=\/wp\/v2\/posts\/38410","targetHints":{"allow":["GET"]}}],"collection":[{"href":"https:\/\/radiocresatelital.com\/index.php?rest_route=\/wp\/v2\/posts"}],"about":[{"href":"https:\/\/radiocresatelital.com\/index.php?rest_route=\/wp\/v2\/types\/post"}],"author":[{"embeddable":true,"href":"https:\/\/radiocresatelital.com\/index.php?rest_route=\/wp\/v2\/users\/2"}],"replies":[{"embeddable":true,"href":"https:\/\/radiocresatelital.com\/index.php?rest_route=%2Fwp%2Fv2%2Fcomments&post=38410"}],"version-history":[{"count":1,"href":"https:\/\/radiocresatelital.com\/index.php?rest_route=\/wp\/v2\/posts\/38410\/revisions"}],"predecessor-version":[{"id":38412,"href":"https:\/\/radiocresatelital.com\/index.php?rest_route=\/wp\/v2\/posts\/38410\/revisions\/38412"}],"wp:featuredmedia":[{"embeddable":true,"href":"https:\/\/radiocresatelital.com\/index.php?rest_route=\/wp\/v2\/media\/38411"}],"wp:attachment":[{"href":"https:\/\/radiocresatelital.com\/index.php?rest_route=%2Fwp%2Fv2%2Fmedia&parent=38410"}],"wp:term":[{"taxonomy":"category","embeddable":true,"href":"https:\/\/radiocresatelital.com\/index.php?rest_route=%2Fwp%2Fv2%2Fcategories&post=38410"},{"taxonomy":"post_tag","embeddable":true,"href":"https:\/\/radiocresatelital.com\/index.php?rest_route=%2Fwp%2Fv2%2Ftags&post=38410"}],"curies":[{"name":"wp","href":"https:\/\/api.w.org\/{rel}","templated":true}]}}