{"id":3830,"date":"2023-09-07T16:42:07","date_gmt":"2023-09-07T16:42:07","guid":{"rendered":"https:\/\/radiocresatelital.com\/?p=3830"},"modified":"2023-09-07T17:16:12","modified_gmt":"2023-09-07T17:16:12","slug":"presidente-califica-de-inaplicable-consulta-del-yasuni-yasunidos-exije-respeto-a-voluntad-popular","status":"publish","type":"post","link":"https:\/\/radiocresatelital.com\/?p=3830","title":{"rendered":"Presidente califica de inaplicable consulta del Yasuni. Yasunidos exije respeto a voluntad popular"},"content":{"rendered":"<p>Quito.- El Presidente de la Rep\u00fablica, Guillermo Lasso, dijo que la consulta popular\u00a0 realizada el 20 de Agosto sobre la explotaci\u00f3n petrolera en el bloque 43 del Parque Yasun\u00ed, es inaplicable, lo que contradice lo comunicado por su propio gobierno, que asegur\u00f3 que respetar\u00eda los resultados y lo empezar\u00eda a aplicar apenas se publique en el registro oficial. Sin embargo, afirm\u00f3 contundentemente que\u00bb no es posible cerrar un pozo petrolero de la noche a la ma\u00f1ana\u00bb.<\/p>\n<p>\u00abNosotros no queremos que termine la producci\u00f3n del bloque 43.\u00a0No queremos y no vamos a apoyar y a jugar ning\u00fan tr\u00e1mite, por ahora no\u00bb, dijo durante una reuni\u00f3n con l\u00edderes y representantes de las comunidades waoranis y kichwas de la Amazon\u00eda.<\/p>\n<p>Por su parte, el colectivo Yasunidos, que hist\u00f3ricamente ha promovido la conservaci\u00f3n del Parque Yasun\u00ed, ha exigido al Gobierno el cese inmediato de las operaciones y que respete la voluntad popular expresada en las urnas donde gano el \u00abs\u00ed\u00bb y sustentado por la Corte Constitucional que dictamin\u00f3 que el cierre del bloque 43 debe ser \u00abobligatorio e inmediato\u00bb tras la consulta popular y llama a la Corte a pronunciarse r\u00e1pidamente sobre esta cuesti\u00f3n.<\/p>\n","protected":false},"excerpt":{"rendered":"<p>Quito.- El Presidente de la Rep\u00fablica, Guillermo Lasso, dijo que la consulta popular\u00a0 realizada el 20 de Agosto sobre la explotaci\u00f3n petrolera en el bloque 43 del Parque Yasun\u00ed, es inaplicable, lo que contradice lo comunicado por su propio gobierno, que asegur\u00f3 que respetar\u00eda los resultados y lo empezar\u00eda a aplicar apenas se publique en [&hellip;]<\/p>\n","protected":false},"author":3,"featured_media":2328,"comment_status":"open","ping_status":"closed","sticky":false,"template":"","format":"standard","meta":{"_jetpack_memberships_contains_paid_content":false,"footnotes":""},"categories":[13],"tags":[39],"class_list":["post-3830","post","type-post","status-publish","format-standard","has-post-thumbnail","hentry","category-noticias-nacionales","tag-presidencia-ecuador"],"jetpack_featured_media_url":"https:\/\/radiocresatelital.com\/wp-content\/uploads\/2023\/08\/lasso.jpg","jetpack_sharing_enabled":true,"_links":{"self":[{"href":"https:\/\/radiocresatelital.com\/index.php?rest_route=\/wp\/v2\/posts\/3830","targetHints":{"allow":["GET"]}}],"collection":[{"href":"https:\/\/radiocresatelital.com\/index.php?rest_route=\/wp\/v2\/posts"}],"about":[{"href":"https:\/\/radiocresatelital.com\/index.php?rest_route=\/wp\/v2\/types\/post"}],"author":[{"embeddable":true,"href":"https:\/\/radiocresatelital.com\/index.php?rest_route=\/wp\/v2\/users\/3"}],"replies":[{"embeddable":true,"href":"https:\/\/radiocresatelital.com\/index.php?rest_route=%2Fwp%2Fv2%2Fcomments&post=3830"}],"version-history":[{"count":2,"href":"https:\/\/radiocresatelital.com\/index.php?rest_route=\/wp\/v2\/posts\/3830\/revisions"}],"predecessor-version":[{"id":3836,"href":"https:\/\/radiocresatelital.com\/index.php?rest_route=\/wp\/v2\/posts\/3830\/revisions\/3836"}],"wp:featuredmedia":[{"embeddable":true,"href":"https:\/\/radiocresatelital.com\/index.php?rest_route=\/wp\/v2\/media\/2328"}],"wp:attachment":[{"href":"https:\/\/radiocresatelital.com\/index.php?rest_route=%2Fwp%2Fv2%2Fmedia&parent=3830"}],"wp:term":[{"taxonomy":"category","embeddable":true,"href":"https:\/\/radiocresatelital.com\/index.php?rest_route=%2Fwp%2Fv2%2Fcategories&post=3830"},{"taxonomy":"post_tag","embeddable":true,"href":"https:\/\/radiocresatelital.com\/index.php?rest_route=%2Fwp%2Fv2%2Ftags&post=3830"}],"curies":[{"name":"wp","href":"https:\/\/api.w.org\/{rel}","templated":true}]}}