{"id":3827,"date":"2023-09-07T16:17:28","date_gmt":"2023-09-07T16:17:28","guid":{"rendered":"https:\/\/radiocresatelital.com\/?p=3827"},"modified":"2023-09-07T17:15:01","modified_gmt":"2023-09-07T17:15:01","slug":"jefe-antinarcoticos-de-quevedo-fue-asaltado-y-baleado","status":"publish","type":"post","link":"https:\/\/radiocresatelital.com\/?p=3827","title":{"rendered":"Jefe Antinarc\u00f3ticos de Quevedo fue asaltado y baleado"},"content":{"rendered":"<p>Quevedo.-\u00a0 Podr\u00eda ser un ataque como cualquier otro o algo planificado para desaparecerlo. De cualquier manera el asalto y atentado contra el Jefe de Antinarc\u00f3ticos de Quevedo, sigue mostr\u00e1ndonos la peligrosidad en la que vivimos inmersos en el pa\u00eds.<\/p>\n<p>El oficial policial se movilizaba en una camioneta doble cabina al salir de la casa de seguridad en San Camilo, cuando 6 sujetos fuertemente armados lo interceptaron, aparentemente para robarle el carro policial.<\/p>\n<p>El abordaje fue violento y el jefe antinarc\u00f3ticos recibi\u00f3 un disparo, pese a ello, el oficial repeli\u00f3 el ataque con su arma, sin embargo los delincuentes lograron arrebatarle el veh\u00edculo que luego de un operativo fue ubicado.<\/p>\n","protected":false},"excerpt":{"rendered":"<p>Quevedo.-\u00a0 Podr\u00eda ser un ataque como cualquier otro o algo planificado para desaparecerlo. De cualquier manera el asalto y atentado contra el Jefe de Antinarc\u00f3ticos de Quevedo, sigue mostr\u00e1ndonos la peligrosidad en la que vivimos inmersos en el pa\u00eds. El oficial policial se movilizaba en una camioneta doble cabina al salir de la casa de [&hellip;]<\/p>\n","protected":false},"author":3,"featured_media":3828,"comment_status":"open","ping_status":"closed","sticky":false,"template":"","format":"standard","meta":{"_jetpack_memberships_contains_paid_content":false,"footnotes":""},"categories":[13],"tags":[735],"class_list":["post-3827","post","type-post","status-publish","format-standard","has-post-thumbnail","hentry","category-noticias-nacionales","tag-jefe-de-antinarcoticos"],"jetpack_featured_media_url":"https:\/\/radiocresatelital.com\/wp-content\/uploads\/2023\/09\/jefe-antinarcoticos-queved.jpg","jetpack_sharing_enabled":true,"_links":{"self":[{"href":"https:\/\/radiocresatelital.com\/index.php?rest_route=\/wp\/v2\/posts\/3827","targetHints":{"allow":["GET"]}}],"collection":[{"href":"https:\/\/radiocresatelital.com\/index.php?rest_route=\/wp\/v2\/posts"}],"about":[{"href":"https:\/\/radiocresatelital.com\/index.php?rest_route=\/wp\/v2\/types\/post"}],"author":[{"embeddable":true,"href":"https:\/\/radiocresatelital.com\/index.php?rest_route=\/wp\/v2\/users\/3"}],"replies":[{"embeddable":true,"href":"https:\/\/radiocresatelital.com\/index.php?rest_route=%2Fwp%2Fv2%2Fcomments&post=3827"}],"version-history":[{"count":1,"href":"https:\/\/radiocresatelital.com\/index.php?rest_route=\/wp\/v2\/posts\/3827\/revisions"}],"predecessor-version":[{"id":3829,"href":"https:\/\/radiocresatelital.com\/index.php?rest_route=\/wp\/v2\/posts\/3827\/revisions\/3829"}],"wp:featuredmedia":[{"embeddable":true,"href":"https:\/\/radiocresatelital.com\/index.php?rest_route=\/wp\/v2\/media\/3828"}],"wp:attachment":[{"href":"https:\/\/radiocresatelital.com\/index.php?rest_route=%2Fwp%2Fv2%2Fmedia&parent=3827"}],"wp:term":[{"taxonomy":"category","embeddable":true,"href":"https:\/\/radiocresatelital.com\/index.php?rest_route=%2Fwp%2Fv2%2Fcategories&post=3827"},{"taxonomy":"post_tag","embeddable":true,"href":"https:\/\/radiocresatelital.com\/index.php?rest_route=%2Fwp%2Fv2%2Ftags&post=3827"}],"curies":[{"name":"wp","href":"https:\/\/api.w.org\/{rel}","templated":true}]}}