{"id":38242,"date":"2025-09-30T18:12:33","date_gmt":"2025-09-30T18:12:33","guid":{"rendered":"https:\/\/radiocresatelital.com\/?p=38242"},"modified":"2025-09-30T21:14:04","modified_gmt":"2025-09-30T21:14:04","slug":"nobis-holding-de-inversiones-renueva-por-tercer-ano-consecutivo-su-alianza-con-fundacion-maria-guare","status":"publish","type":"post","link":"https:\/\/radiocresatelital.com\/?p=38242","title":{"rendered":"Nobis Holding de Inversiones renueva por tercer a\u00f1o consecutivo su alianza con Fundaci\u00f3n Mar\u00eda Guare"},"content":{"rendered":"<p>Guayaquil.-\u00a0 Tras tres a\u00f1os de trabajo conjunto, Nobis Holding de Inversiones y la Fundaci\u00f3n Mar\u00eda Guare renovaron su convenio de cooperaci\u00f3n para fortalecer la prevenci\u00f3n de la violencia de g\u00e9nero y promover entornos laborales y familiares seguros y respetuosos.<\/p>\n<p>La continuidad de esta alianza permitir\u00e1 profundizar en la sensibilizaci\u00f3n y capacitaci\u00f3n de equipos, el fortalecimiento de protocolos de prevenci\u00f3n y respuesta, as\u00ed como la difusi\u00f3n de rutas de orientaci\u00f3n y acompa\u00f1amiento, en l\u00ednea con la pol\u00edtica de tolerancia cero frente al acoso y la discriminaci\u00f3n.<\/p>\n<p>Este compromiso refleja los valores corporativos de Nobis Holding y reafirma su prop\u00f3sito de proteger la dignidad y los derechos de todas las personas que forman parte de la organizaci\u00f3n.<\/p>\n","protected":false},"excerpt":{"rendered":"<p>Guayaquil.-\u00a0 Tras tres a\u00f1os de trabajo conjunto, Nobis Holding de Inversiones y la Fundaci\u00f3n Mar\u00eda Guare renovaron su convenio de cooperaci\u00f3n para fortalecer la prevenci\u00f3n de la violencia de g\u00e9nero y promover entornos laborales y familiares seguros y respetuosos. La continuidad de esta alianza permitir\u00e1 profundizar en la sensibilizaci\u00f3n y capacitaci\u00f3n de equipos, el fortalecimiento [&hellip;]<\/p>\n","protected":false},"author":2,"featured_media":38243,"comment_status":"open","ping_status":"closed","sticky":false,"template":"","format":"standard","meta":{"_jetpack_memberships_contains_paid_content":false,"footnotes":""},"categories":[13],"tags":[6044,6043],"class_list":["post-38242","post","type-post","status-publish","format-standard","has-post-thumbnail","hentry","category-noticias-nacionales","tag-fundacion-maria-guare","tag-nobis-holding-de-inversiones"],"jetpack_featured_media_url":"https:\/\/radiocresatelital.com\/wp-content\/uploads\/2025\/09\/FOTO-scaled.jpg","jetpack_sharing_enabled":true,"_links":{"self":[{"href":"https:\/\/radiocresatelital.com\/index.php?rest_route=\/wp\/v2\/posts\/38242","targetHints":{"allow":["GET"]}}],"collection":[{"href":"https:\/\/radiocresatelital.com\/index.php?rest_route=\/wp\/v2\/posts"}],"about":[{"href":"https:\/\/radiocresatelital.com\/index.php?rest_route=\/wp\/v2\/types\/post"}],"author":[{"embeddable":true,"href":"https:\/\/radiocresatelital.com\/index.php?rest_route=\/wp\/v2\/users\/2"}],"replies":[{"embeddable":true,"href":"https:\/\/radiocresatelital.com\/index.php?rest_route=%2Fwp%2Fv2%2Fcomments&post=38242"}],"version-history":[{"count":1,"href":"https:\/\/radiocresatelital.com\/index.php?rest_route=\/wp\/v2\/posts\/38242\/revisions"}],"predecessor-version":[{"id":38244,"href":"https:\/\/radiocresatelital.com\/index.php?rest_route=\/wp\/v2\/posts\/38242\/revisions\/38244"}],"wp:featuredmedia":[{"embeddable":true,"href":"https:\/\/radiocresatelital.com\/index.php?rest_route=\/wp\/v2\/media\/38243"}],"wp:attachment":[{"href":"https:\/\/radiocresatelital.com\/index.php?rest_route=%2Fwp%2Fv2%2Fmedia&parent=38242"}],"wp:term":[{"taxonomy":"category","embeddable":true,"href":"https:\/\/radiocresatelital.com\/index.php?rest_route=%2Fwp%2Fv2%2Fcategories&post=38242"},{"taxonomy":"post_tag","embeddable":true,"href":"https:\/\/radiocresatelital.com\/index.php?rest_route=%2Fwp%2Fv2%2Ftags&post=38242"}],"curies":[{"name":"wp","href":"https:\/\/api.w.org\/{rel}","templated":true}]}}