{"id":3824,"date":"2023-09-07T16:02:06","date_gmt":"2023-09-07T16:02:06","guid":{"rendered":"https:\/\/radiocresatelital.com\/?p=3824"},"modified":"2023-09-07T17:14:30","modified_gmt":"2023-09-07T17:14:30","slug":"inhami-advierte-sobre-riesgo-de-incendios-en-la-sierra-y-el-sur-del-litoral","status":"publish","type":"post","link":"https:\/\/radiocresatelital.com\/?p=3824","title":{"rendered":"INHAMI advierte sobre riesgo de incendios en la Sierra y el sur del Litoral"},"content":{"rendered":"<div class=\"_a9zs\">\n<h4 class=\"_aacl _aaco _aacu _aacx _aad7 _aade\" dir=\"auto\">Quito.- El Instituto Nacional de Meteorolog\u00eda e Hidrolog\u00eda (INAMHI) emiti\u00f3 una advertencia sobre las condiciones propicias para incendios forestales en la Sierra y el sur del Litoral de Ecuador entre el 6 y el 10 de septiembre.<\/h4>\n<p>Adem\u00e1s, el pa\u00eds experimentar\u00e1 altas temperaturas diurnas y una elevada radiaci\u00f3n ultravioleta durante este per\u00edodo. Por otro lado, se pronostican bajas temperaturas nocturnas en la regi\u00f3n de la Sierra.<\/p>\n<p>Estas condiciones clim\u00e1ticas pueden aumentar el riesgo de incendios forestales y requerir precauci\u00f3n por parte de la poblaci\u00f3n y las autoridades.<\/p>\n<\/div>\n<div class=\"x9f619 xjbqb8w x78zum5 x168nmei x13lgxp2 x5pf9jr xo71vjh x1xmf6yo x12nagc x1n2onr6 x1plvlek xryxfnj x1c4vz4f x2lah0s xdt5ytf xqjyukv x1qjc9v5 x1oa3qoh x1nhvcw1\"><\/div>\n","protected":false},"excerpt":{"rendered":"<p>Quito.- El Instituto Nacional de Meteorolog\u00eda e Hidrolog\u00eda (INAMHI) emiti\u00f3 una advertencia sobre las condiciones propicias para incendios forestales en la Sierra y el sur del Litoral de Ecuador entre el 6 y el 10 de septiembre. Adem\u00e1s, el pa\u00eds experimentar\u00e1 altas temperaturas diurnas y una elevada radiaci\u00f3n ultravioleta durante este per\u00edodo. Por otro lado, [&hellip;]<\/p>\n","protected":false},"author":3,"featured_media":3825,"comment_status":"open","ping_status":"closed","sticky":false,"template":"","format":"standard","meta":{"_jetpack_memberships_contains_paid_content":false,"footnotes":""},"categories":[13],"tags":[734],"class_list":["post-3824","post","type-post","status-publish","format-standard","has-post-thumbnail","hentry","category-noticias-nacionales","tag-inhami"],"jetpack_featured_media_url":"https:\/\/radiocresatelital.com\/wp-content\/uploads\/2023\/09\/incendios-forestales.jpg","jetpack_sharing_enabled":true,"_links":{"self":[{"href":"https:\/\/radiocresatelital.com\/index.php?rest_route=\/wp\/v2\/posts\/3824","targetHints":{"allow":["GET"]}}],"collection":[{"href":"https:\/\/radiocresatelital.com\/index.php?rest_route=\/wp\/v2\/posts"}],"about":[{"href":"https:\/\/radiocresatelital.com\/index.php?rest_route=\/wp\/v2\/types\/post"}],"author":[{"embeddable":true,"href":"https:\/\/radiocresatelital.com\/index.php?rest_route=\/wp\/v2\/users\/3"}],"replies":[{"embeddable":true,"href":"https:\/\/radiocresatelital.com\/index.php?rest_route=%2Fwp%2Fv2%2Fcomments&post=3824"}],"version-history":[{"count":2,"href":"https:\/\/radiocresatelital.com\/index.php?rest_route=\/wp\/v2\/posts\/3824\/revisions"}],"predecessor-version":[{"id":3835,"href":"https:\/\/radiocresatelital.com\/index.php?rest_route=\/wp\/v2\/posts\/3824\/revisions\/3835"}],"wp:featuredmedia":[{"embeddable":true,"href":"https:\/\/radiocresatelital.com\/index.php?rest_route=\/wp\/v2\/media\/3825"}],"wp:attachment":[{"href":"https:\/\/radiocresatelital.com\/index.php?rest_route=%2Fwp%2Fv2%2Fmedia&parent=3824"}],"wp:term":[{"taxonomy":"category","embeddable":true,"href":"https:\/\/radiocresatelital.com\/index.php?rest_route=%2Fwp%2Fv2%2Fcategories&post=3824"},{"taxonomy":"post_tag","embeddable":true,"href":"https:\/\/radiocresatelital.com\/index.php?rest_route=%2Fwp%2Fv2%2Ftags&post=3824"}],"curies":[{"name":"wp","href":"https:\/\/api.w.org\/{rel}","templated":true}]}}