{"id":38218,"date":"2025-09-30T20:35:25","date_gmt":"2025-09-30T20:35:25","guid":{"rendered":"https:\/\/radiocresatelital.com\/?p=38218"},"modified":"2025-09-30T20:35:36","modified_gmt":"2025-09-30T20:35:36","slug":"fiestas-de-guayaquil-impulsaran-turismo-empleo-y-reactivacion-economica","status":"publish","type":"post","link":"https:\/\/radiocresatelital.com\/?p=38218","title":{"rendered":"Fiestas de Guayaquil impulsar\u00e1n turismo, empleo y reactivaci\u00f3n econ\u00f3mica"},"content":{"rendered":"<p>Guayaquil.- Los festejos por los 205 a\u00f1os de Independencia de Guayaquil arrancar\u00e1n este 1 de octubre con una amplia agenda de actividades que se extender\u00e1n durante todo el mes, integrando cultura, historia, deporte, tradiciones y entretenimiento.<\/p>\n<p>El cronograma fue presentado, este martes 30 de septiembre, por autoridades municipales y representantes de entidades vinculadas a la organizaci\u00f3n de los eventos: Tahiz Panus, directora de Turismo y Eventos Especiales; Adri\u00e1n Zambrano, gerente de Parques EP; Carlos Mor\u00e1n, director de Deportes; Karyna Nogales, directora de Patrimonio Cultural; V\u00edctor Mieles, gerente de Fundaci\u00f3n Malec\u00f3n 2000; y Virgilio Pesantes, gerente de DASE EP.<\/p>\n<p>En este marco, Panus destac\u00f3 que se proyecta que la actividad tur\u00edstica genere alrededor de USD 50 millones durante el mes para la ciudad, fortaleciendo el turismo, la generaci\u00f3n de empleo y dinamizando la econom\u00eda. \u201cEsperamos que solo el feriado de cuatro d\u00edas aproximadamente nos va a dejar entre 15 y 18 millones\u201d, acot\u00f3.<\/p>\n<p>As\u00ed, desde el 1 de octubre hasta finales de mes, Guayaquil se llenar\u00e1 de actividades para todas las edades y gustos, con actividades deportivas como la Marat\u00f3n de Guayaquil el 5 de octubre, que reunir\u00e1 a deportistas de Ecuador y varios pa\u00edses en cuatro categor\u00edas (5K, 12K, 21K, 42K).<\/p>\n<p>Adem\u00e1s, el 11 de octubre se realizar\u00e1 el evento de ciclismo \u201cDown Hill del Cerro\u201d, organizado por la Alcald\u00eda, y los d\u00edas 18 y 19 de octubre se podr\u00e1 disfrutar de un emocionante show de esqu\u00ed acu\u00e1tico en el Malec\u00f3n 2000, entre las calles Tom\u00e1s Mart\u00ednez y Loja. El 25 de octubre, el Gran Premio Automovil\u00edstico en Parque Samanes cerrar\u00e1 con adrenalina esta categor\u00eda.<\/p>\n<p>En el \u00e1mbito del entretenimiento, la Gran Feria de Guayaquil, del 9 al 12 de octubre en el Parque Samanes (Concha Ac\u00fastica), reunir\u00e1 a artistas internacionales como Grupo Niche, Luis Fonsi, Elvis Crespo, Alci Acosta, V\u00edctor Manuelle, Wilfrido Vargas y Kapo. Asimismo, el Guayaquil Rock Fest, los d\u00edas 4 y 5 de octubre en Plaza Guayarte, ofrecer\u00e1 m\u00fasica en vivo, consolidando a la ciudad como epicentro del rock local y regional.<\/p>\n<p>La cultura y las tradiciones se celebran con eventos como el preg\u00f3n del 1 de octubre a las 09h00 locales (14h00 GMT) en la Plaza Centenario, seguido de una serenata a Julio Jaramillo a las 11h00 locales (16h00 GMT) en el Mausoleo del Ruise\u00f1or de Am\u00e9rica y el D\u00eda del Pasillo trae la presentaci\u00f3n de Hilda Murillo en Plaza Guayarte, a las 18h00 locales (23h00 GMT).<\/p>\n<p>La Sesi\u00f3n Solemne del 9 de octubre, a las 18h00 locales (23h00 GMT), contar\u00e1 con artistas como Yaz Collazo, Luis Mateus, Tus Latin Brothers y la Banda 24 de Mayo; mientras, la Unci\u00f3n C\u00edvica en Parque Centenario reforzar\u00e1 el fervor patri\u00f3tico.<\/p>\n<p>El arte y la creatividad se har\u00e1n presentes en el desfile art\u00edstico de carros aleg\u00f3ricos el 5 de octubre a las 15h30 locales (20h30 GMT) en la Av. 9 de Octubre, mostrando el talento local.<\/p>\n<p>El Budokan, los d\u00edas 4 y 5 de octubre en el Palacio de Cristal, de 10h00 a 19h00 locales (15h00 a 00h00 GMT), combinar\u00e1 arte y disciplina en una muestra \u00fanica. El emprendimiento y la diversidad cultural tambi\u00e9n tendr\u00e1n su espacio con Las Pe\u00f1as Fest los d\u00edas 10 y 11 de octubre, de 10h00 a 16h00 (15h00 a 21h00 GMT), donde los emprendedores del cerro exhibir\u00e1n sus productos.<\/p>\n<p>Para consolidar a Guayaquil como destino tur\u00edstico, se hizo el lanzamiento de la campa\u00f1a \u201cCae a Guayaquil, pasa belleza\u201d, que destacar\u00e1 la oferta tur\u00edstica, gastron\u00f3mica, al aire libre, sitios hist\u00f3ricos, naturales y culturales, consolidando a la ciudad como un destino \u00fanico que se encamina a ser un referente en la regi\u00f3n.<\/p>\n","protected":false},"excerpt":{"rendered":"<p>Guayaquil.- Los festejos por los 205 a\u00f1os de Independencia de Guayaquil arrancar\u00e1n este 1 de octubre con una amplia agenda de actividades que se extender\u00e1n durante todo el mes, integrando cultura, historia, deporte, tradiciones y entretenimiento. El cronograma fue presentado, este martes 30 de septiembre, por autoridades municipales y representantes de entidades vinculadas a la [&hellip;]<\/p>\n","protected":false},"author":2,"featured_media":38219,"comment_status":"open","ping_status":"closed","sticky":false,"template":"","format":"standard","meta":{"_jetpack_memberships_contains_paid_content":false,"footnotes":""},"categories":[922,33],"tags":[991],"class_list":["post-38218","post","type-post","status-publish","format-standard","has-post-thumbnail","hentry","category-fiestas-octubrinas","category-guayaquil","tag-independencia-de-guayaquil"],"jetpack_featured_media_url":"https:\/\/radiocresatelital.com\/wp-content\/uploads\/2025\/09\/1-9-scaled.jpeg","jetpack_sharing_enabled":true,"_links":{"self":[{"href":"https:\/\/radiocresatelital.com\/index.php?rest_route=\/wp\/v2\/posts\/38218","targetHints":{"allow":["GET"]}}],"collection":[{"href":"https:\/\/radiocresatelital.com\/index.php?rest_route=\/wp\/v2\/posts"}],"about":[{"href":"https:\/\/radiocresatelital.com\/index.php?rest_route=\/wp\/v2\/types\/post"}],"author":[{"embeddable":true,"href":"https:\/\/radiocresatelital.com\/index.php?rest_route=\/wp\/v2\/users\/2"}],"replies":[{"embeddable":true,"href":"https:\/\/radiocresatelital.com\/index.php?rest_route=%2Fwp%2Fv2%2Fcomments&post=38218"}],"version-history":[{"count":1,"href":"https:\/\/radiocresatelital.com\/index.php?rest_route=\/wp\/v2\/posts\/38218\/revisions"}],"predecessor-version":[{"id":38220,"href":"https:\/\/radiocresatelital.com\/index.php?rest_route=\/wp\/v2\/posts\/38218\/revisions\/38220"}],"wp:featuredmedia":[{"embeddable":true,"href":"https:\/\/radiocresatelital.com\/index.php?rest_route=\/wp\/v2\/media\/38219"}],"wp:attachment":[{"href":"https:\/\/radiocresatelital.com\/index.php?rest_route=%2Fwp%2Fv2%2Fmedia&parent=38218"}],"wp:term":[{"taxonomy":"category","embeddable":true,"href":"https:\/\/radiocresatelital.com\/index.php?rest_route=%2Fwp%2Fv2%2Fcategories&post=38218"},{"taxonomy":"post_tag","embeddable":true,"href":"https:\/\/radiocresatelital.com\/index.php?rest_route=%2Fwp%2Fv2%2Ftags&post=38218"}],"curies":[{"name":"wp","href":"https:\/\/api.w.org\/{rel}","templated":true}]}}