{"id":38210,"date":"2025-09-30T17:19:19","date_gmt":"2025-09-30T17:19:19","guid":{"rendered":"https:\/\/radiocresatelital.com\/?p=38210"},"modified":"2025-10-01T04:50:53","modified_gmt":"2025-10-01T04:50:53","slug":"unacem-ecuador-recibe-el-sello-buen-gestor-por-su-compromiso-ambiental-y-social","status":"publish","type":"post","link":"https:\/\/radiocresatelital.com\/?p=38210","title":{"rendered":"UNACEM Ecuador recibe el \u201cSello Buen Gestor\u201d por su compromiso ambiental y social"},"content":{"rendered":"<p>Quito.- UNACEM Ecuador, empresa industrial comprometida con la construcci\u00f3n de un mundo sostenible mediante soluciones integrales de cemento y hormig\u00f3n, recibi\u00f3 el \u201cSello Buen Gestor\u201d entregado por la Uni\u00f3n de Gestores del Ecuador y CERES. Este distintivo reconoce a las empresas por su aporte a la protecci\u00f3n del medio ambiente, la sociedad y la promoci\u00f3n de la econom\u00eda circular.<\/p>\n<p>El reconocimiento se adjudic\u00f3 despu\u00e9s de un riguroso proceso de evaluaci\u00f3n que, adem\u00e1s de contemplar el cumplimiento de la normativa ambiental vigente, premia el compromiso de Unacem Ecuador con la sostenibilidad y la econom\u00eda circular para impulsar la mejora continua en sus procesos.<\/p>\n<p>\u201cRecibir este reconocimiento nos pone la vara m\u00e1s alta. Cumplir con la normativa no es suficiente, debemos ir m\u00e1s all\u00e1. Este sello demuestra que podemos cuidar el ambiente y producir cemento para el desarrollo del pa\u00eds\u201d, se\u00f1al\u00f3 Patricio D\u00edaz, gerente de Sostenibilidad de UNACEM Ecuador.<\/p>\n<p>Este evento, de gran relevancia, cont\u00f3 con la participaci\u00f3n de representantes del sector p\u00fablico y privado. Durante su intervenci\u00f3n, Mar\u00eda Eugenia Moreno, presidenta de Gestores Ecuador, destac\u00f3 que esta iniciativa no solo busca reconocer a las organizaciones, sino tambi\u00e9n impulsarlas hacia un camino firme de sostenibilidad. M\u00e1s que un distintivo, el Sello Buen Gestor representa un compromiso con el ambiente y el futuro del Ecuador, que a su vez sirve como una herramienta de transformaci\u00f3n que fomenta la productividad y la eficiencia.<\/p>\n<p>Este reconocimiento reafirma el compromiso de UNACEM Ecuador con la sostenibilidad, a trav\u00e9s de una gesti\u00f3n responsable que no solo cumple con la normativa, sino que siempre se interesa en implementar las mejores pr\u00e1cticas para un desarrollo sostenible y responsable.<\/p>\n","protected":false},"excerpt":{"rendered":"<p>Quito.- UNACEM Ecuador, empresa industrial comprometida con la construcci\u00f3n de un mundo sostenible mediante soluciones integrales de cemento y hormig\u00f3n, recibi\u00f3 el \u201cSello Buen Gestor\u201d entregado por la Uni\u00f3n de Gestores del Ecuador y CERES. Este distintivo reconoce a las empresas por su aporte a la protecci\u00f3n del medio ambiente, la sociedad y la promoci\u00f3n [&hellip;]<\/p>\n","protected":false},"author":2,"featured_media":38213,"comment_status":"open","ping_status":"closed","sticky":false,"template":"","format":"standard","meta":{"_jetpack_memberships_contains_paid_content":false,"footnotes":""},"categories":[13],"tags":[6041,172],"class_list":["post-38210","post","type-post","status-publish","format-standard","has-post-thumbnail","hentry","category-noticias-nacionales","tag-sello-buen-gestor","tag-unacem-ecuador"],"jetpack_featured_media_url":"https:\/\/radiocresatelital.com\/wp-content\/uploads\/2025\/09\/Buen-gestor.jpeg","jetpack_sharing_enabled":true,"_links":{"self":[{"href":"https:\/\/radiocresatelital.com\/index.php?rest_route=\/wp\/v2\/posts\/38210","targetHints":{"allow":["GET"]}}],"collection":[{"href":"https:\/\/radiocresatelital.com\/index.php?rest_route=\/wp\/v2\/posts"}],"about":[{"href":"https:\/\/radiocresatelital.com\/index.php?rest_route=\/wp\/v2\/types\/post"}],"author":[{"embeddable":true,"href":"https:\/\/radiocresatelital.com\/index.php?rest_route=\/wp\/v2\/users\/2"}],"replies":[{"embeddable":true,"href":"https:\/\/radiocresatelital.com\/index.php?rest_route=%2Fwp%2Fv2%2Fcomments&post=38210"}],"version-history":[{"count":1,"href":"https:\/\/radiocresatelital.com\/index.php?rest_route=\/wp\/v2\/posts\/38210\/revisions"}],"predecessor-version":[{"id":38214,"href":"https:\/\/radiocresatelital.com\/index.php?rest_route=\/wp\/v2\/posts\/38210\/revisions\/38214"}],"wp:featuredmedia":[{"embeddable":true,"href":"https:\/\/radiocresatelital.com\/index.php?rest_route=\/wp\/v2\/media\/38213"}],"wp:attachment":[{"href":"https:\/\/radiocresatelital.com\/index.php?rest_route=%2Fwp%2Fv2%2Fmedia&parent=38210"}],"wp:term":[{"taxonomy":"category","embeddable":true,"href":"https:\/\/radiocresatelital.com\/index.php?rest_route=%2Fwp%2Fv2%2Fcategories&post=38210"},{"taxonomy":"post_tag","embeddable":true,"href":"https:\/\/radiocresatelital.com\/index.php?rest_route=%2Fwp%2Fv2%2Ftags&post=38210"}],"curies":[{"name":"wp","href":"https:\/\/api.w.org\/{rel}","templated":true}]}}