{"id":38207,"date":"2025-09-30T20:13:51","date_gmt":"2025-09-30T20:13:51","guid":{"rendered":"https:\/\/radiocresatelital.com\/?p=38207"},"modified":"2025-09-30T20:14:01","modified_gmt":"2025-09-30T20:14:01","slug":"la-red-educativa-arquidiocesana-rea-celebro-su-16o-aniversario-con-una-solemne-misa-de-accion-de-gracias-en-la-catedral-metropolitana-san-pedro-apostol-de-guayaquil","status":"publish","type":"post","link":"https:\/\/radiocresatelital.com\/?p=38207","title":{"rendered":"La Red Educativa Arquidiocesana (REA) celebr\u00f3 su 16\u00ba aniversario con una solemne misa de acci\u00f3n de gracias en la Catedral Metropolitana San Pedro Ap\u00f3stol de Guayaquil"},"content":{"rendered":"<p>Guayaquil.- La eucarist\u00eda fue presidida por el Cardenal Luis Cabrera, OFM, arzobispo de Guayaquil, y concelebrada por los capellanes de las instituciones, con la participaci\u00f3n de estudiantes, familias, docentes y colaboradores de las 21 unidades educativas que conforman la red.<\/p>\n<p>Bajo el lema \u201cEducando y evangelizando con amor\u201d, la REA acompa\u00f1a la formaci\u00f3n de m\u00e1s de 12.000 estudiantes desde educaci\u00f3n inicial hasta tercero de bachillerato, especialmente en sectores vulnerables del sur y centro de la ciudad. Su propuesta pedag\u00f3gica promueve una formaci\u00f3n integral basada en principios y valores humanos, fortalecida en la fe cat\u00f3lica.<\/p>\n<p>La ceremonia inici\u00f3 con la procesi\u00f3n del cuadro Mar\u00eda Madre de Guayaquil, patrona de la red, llevado en hombros por estudiantes y acompa\u00f1ado por ni\u00f1os de cada instituci\u00f3n, quienes depositaron rosas a los pies de la Virgen en se\u00f1al de gratitud y devoci\u00f3n.<\/p>\n<p>El Cardenal Cabrera hizo un llamado a renovar el compromiso evangelizador y educativo de toda la comunidad, \u201cCelebrar estos 16 a\u00f1os significa renovar nuestra identidad y misi\u00f3n. El Se\u00f1or nos pide encender luces, no maldecir las tinieblas. No basta protestar ni lamentarse: lo que se necesita es sembrar el bien en los corazones, poner luz donde hay oscuridad, esperanza donde reina el miedo y verdad donde hay confusi\u00f3n. Cada escuela de nuestra Red est\u00e1 llamada a ser una l\u00e1mpara encendida, un lugar donde arda la luz de Cristo y donde cada ni\u00f1o y joven pueda descubrir que su vida tiene un sentido profundo y un horizonte de esperanza.\u201d Manifest\u00f3.<\/p>\n<p>Alrededor de 750 formadores, entre docentes y personal administrativo pertenecen a las instituciones educativas. Desde la Red Educativa Arquidiocesana impulsan programas de actualizaci\u00f3n en pedagog\u00eda, liderazgo cristiano, innovaci\u00f3n educativa, herramientas digitales y trabajo en equipo, garantizando una ense\u00f1anza de calidad y en sinton\u00eda con los desaf\u00edos del presente.<\/p>\n<p>M\u00e1s de 800 personas asistieron a la eucarist\u00eda, consolidando el sentido de comunidad y el compromiso de la REA con su misi\u00f3n educativa y evangelizadora en Guayaquil. Tambi\u00e9n estuvieron presentes representantes de universidades y tecnol\u00f3gicos con quienes la red mantiene convenios de cooperaci\u00f3n.<\/p>\n","protected":false},"excerpt":{"rendered":"<p>Guayaquil.- La eucarist\u00eda fue presidida por el Cardenal Luis Cabrera, OFM, arzobispo de Guayaquil, y concelebrada por los capellanes de las instituciones, con la participaci\u00f3n de estudiantes, familias, docentes y colaboradores de las 21 unidades educativas que conforman la red. Bajo el lema \u201cEducando y evangelizando con amor\u201d, la REA acompa\u00f1a la formaci\u00f3n de m\u00e1s [&hellip;]<\/p>\n","protected":false},"author":2,"featured_media":38208,"comment_status":"open","ping_status":"closed","sticky":false,"template":"","format":"standard","meta":{"_jetpack_memberships_contains_paid_content":false,"footnotes":""},"categories":[13],"tags":[6040],"class_list":["post-38207","post","type-post","status-publish","format-standard","has-post-thumbnail","hentry","category-noticias-nacionales","tag-red-educativa-arquidiocesana"],"jetpack_featured_media_url":"https:\/\/radiocresatelital.com\/wp-content\/uploads\/2025\/09\/WhatsApp-Image-2025-09-30-at-07.59.28-scaled.jpeg","jetpack_sharing_enabled":true,"_links":{"self":[{"href":"https:\/\/radiocresatelital.com\/index.php?rest_route=\/wp\/v2\/posts\/38207","targetHints":{"allow":["GET"]}}],"collection":[{"href":"https:\/\/radiocresatelital.com\/index.php?rest_route=\/wp\/v2\/posts"}],"about":[{"href":"https:\/\/radiocresatelital.com\/index.php?rest_route=\/wp\/v2\/types\/post"}],"author":[{"embeddable":true,"href":"https:\/\/radiocresatelital.com\/index.php?rest_route=\/wp\/v2\/users\/2"}],"replies":[{"embeddable":true,"href":"https:\/\/radiocresatelital.com\/index.php?rest_route=%2Fwp%2Fv2%2Fcomments&post=38207"}],"version-history":[{"count":1,"href":"https:\/\/radiocresatelital.com\/index.php?rest_route=\/wp\/v2\/posts\/38207\/revisions"}],"predecessor-version":[{"id":38209,"href":"https:\/\/radiocresatelital.com\/index.php?rest_route=\/wp\/v2\/posts\/38207\/revisions\/38209"}],"wp:featuredmedia":[{"embeddable":true,"href":"https:\/\/radiocresatelital.com\/index.php?rest_route=\/wp\/v2\/media\/38208"}],"wp:attachment":[{"href":"https:\/\/radiocresatelital.com\/index.php?rest_route=%2Fwp%2Fv2%2Fmedia&parent=38207"}],"wp:term":[{"taxonomy":"category","embeddable":true,"href":"https:\/\/radiocresatelital.com\/index.php?rest_route=%2Fwp%2Fv2%2Fcategories&post=38207"},{"taxonomy":"post_tag","embeddable":true,"href":"https:\/\/radiocresatelital.com\/index.php?rest_route=%2Fwp%2Fv2%2Ftags&post=38207"}],"curies":[{"name":"wp","href":"https:\/\/api.w.org\/{rel}","templated":true}]}}