{"id":38204,"date":"2025-09-30T19:50:47","date_gmt":"2025-09-30T19:50:47","guid":{"rendered":"https:\/\/radiocresatelital.com\/?p=38204"},"modified":"2025-09-30T19:50:47","modified_gmt":"2025-09-30T19:50:47","slug":"gobierno-nacional-abre-matriculas-en-modalidad-a-distancia-virtual-para-jovenes-y-adultos-con-escolaridad-inconclusa","status":"publish","type":"post","link":"https:\/\/radiocresatelital.com\/?p=38204","title":{"rendered":"Gobierno Nacional abre matr\u00edculas en modalidad a Distancia Virtual para j\u00f3venes y adultos con escolaridad inconclusa"},"content":{"rendered":"<p>Quito.- El Ministerio de Educaci\u00f3n, Deporte y Cultura invita a personas j\u00f3venes, adultas y adultas mayores con escolaridad inconclusa a matricularse en la modalidad de Educaci\u00f3n a Distancia Virtual, del 1 al 31 de octubre de 2025.<\/p>\n<p>Este modelo educativo garantiza el acceso al derecho a la educaci\u00f3n mediante entornos de aprendizaje inclusivos y adaptados a las necesidades de la poblaci\u00f3n. Actualmente, m\u00e1s de 22 mil personas cursan sus estudios en esta modalidad, bajo una temporalidad intensiva que les permite avanzar acad\u00e9micamente de forma flexible y acorde con sus realidades.<\/p>\n<p>Esta modalidad est\u00e1 dirigida a personas j\u00f3venes, adultas y adultas mayores que no hayan concluido la Educaci\u00f3n General B\u00e1sica Superior o el Bachillerato, por motivos econ\u00f3micos, familiares o sociales, personas sordas con escolaridad inconclusa y ecuatorianos residentes en el exterior en los pa\u00edses con cobertura como: Estados Unidos, Chile, Espa\u00f1a, Italia, Reino Unido, B\u00e9lgica y Hungr\u00eda.<\/p>\n<p>El proceso de fase proped\u00e9utica ser\u00e1 del 06 al 19 de enero de 2026 y el proceso de fase formativa ser\u00e1 del 20 de enero al 12 de junio de 2026.<\/p>\n<p><strong>Los requisitos para aspirantes en Ecuador son:<\/strong><\/p>\n<ul>\n<li>Tener 18 a\u00f1os o m\u00e1s.<\/li>\n<li>Presentar documento de identificaci\u00f3n: c\u00e9dula, pasaporte o carn\u00e9 de refugiado.<\/li>\n<li>Expediente estudiantil o resoluci\u00f3n del examen de ubicaci\u00f3n.<\/li>\n<li>Datos de contacto: n\u00famero de tel\u00e9fono y correo electr\u00f3nico activo.<\/li>\n<li>Planilla de luz el\u00e9ctrica (opcional).<\/li>\n<\/ul>\n<p>Los aspirantes deben acercarse al Distrito Educativo m\u00e1s cercano con los documentos requeridos. En caso de no contar con expediente acad\u00e9mico, podr\u00e1n solicitar rendir un examen de ubicaci\u00f3n en el mismo distrito.<\/p>\n<p><strong>Mientras que los requisitos para ecuatorianos en el exterior son:<\/strong><\/p>\n<ul>\n<li>Tener 18 a\u00f1os o m\u00e1s.<\/li>\n<li>Documento de identificaci\u00f3n.<\/li>\n<li>Datos de contacto: n\u00famero telef\u00f3nico y correo electr\u00f3nico activo.<\/li>\n<\/ul>\n<p>La matr\u00edcula se realiza en l\u00ednea a trav\u00e9s del formulario disponible en:\u00a0<a href=\"https:\/\/adistancia.educacion.gob.ec\/\" target=\"_blank\" rel=\"noopener\">https:\/\/adistancia.educacion.gob.ec<\/a>. Los aspirantes en el exterior deber\u00e1n rendir y aprobar un examen de ubicaci\u00f3n, cuya convocatoria ser\u00e1 anunciada por el Ministerio de Educaci\u00f3n, Deporte y Cultura a trav\u00e9s de la misma plataforma.<\/p>\n<p>La Personas Sordas en Ecuador con expediente acad\u00e9mico: podr\u00e1n matricularse en el Distrito Educativo m\u00e1s cercano con el apoyo de docentes sordos e int\u00e9rpretes de lengua de se\u00f1as, mientras que sin expediente acad\u00e9mico: deber\u00e1n solicitar y aprobar el examen de ubicaci\u00f3n para proceder con la matr\u00edcula.<\/p>\n<p>Cada grado o curso tiene una duraci\u00f3n de cinco meses, m\u00e1s una fase proped\u00e9utica de 10 d\u00edas h\u00e1biles. El proceso de formaci\u00f3n se caracteriza por su flexibilidad, ya que la mayor\u00eda de las actividades son asincr\u00f3nicas, lo que permite a las personas organizar su propio tiempo de estudio. Se recomienda dedicar al menos cuatro horas diarias para un aprovechamiento \u00f3ptimo del programa.<\/p>\n<p>Es importante se\u00f1alar que el programa es gratuito; as\u00ed como los materiales educativos, incluidos los textos de estudio, son digitales y estar\u00e1n disponibles en el aula virtual.<\/p>\n<p>Para m\u00e1s informaci\u00f3n los interesados pueden ingresar en los siguientes enlaces:\u00a0<a href=\"https:\/\/juntos.educacion.gob.ec\/index.php\/ofertas-extraordinarias\" target=\"_blank\" rel=\"noopener\">juntos.educacion.gob.ec<\/a>,\u00a0<a href=\"https:\/\/adistancia.educacion.gob.ec\/\" target=\"_blank\" rel=\"noopener\">adistancia.educacion.gob.ec<\/a>\u00a0o escribir a\u00a0<a href=\"mailto:bachiller.virtual@educacion.gob.ec\">bachiller.virtual@educacion.gob.ec<\/a><\/p>\n","protected":false},"excerpt":{"rendered":"<p>Quito.- El Ministerio de Educaci\u00f3n, Deporte y Cultura invita a personas j\u00f3venes, adultas y adultas mayores con escolaridad inconclusa a matricularse en la modalidad de Educaci\u00f3n a Distancia Virtual, del 1 al 31 de octubre de 2025. Este modelo educativo garantiza el acceso al derecho a la educaci\u00f3n mediante entornos de aprendizaje inclusivos y adaptados [&hellip;]<\/p>\n","protected":false},"author":2,"featured_media":38205,"comment_status":"open","ping_status":"closed","sticky":false,"template":"","format":"standard","meta":{"_jetpack_memberships_contains_paid_content":false,"footnotes":""},"categories":[13],"tags":[6039,5682],"class_list":["post-38204","post","type-post","status-publish","format-standard","has-post-thumbnail","hentry","category-noticias-nacionales","tag-educacion-a-distancia-virtual","tag-el-ministerio-de-educacion-deporte-y-cultura"],"jetpack_featured_media_url":"https:\/\/radiocresatelital.com\/wp-content\/uploads\/2025\/09\/distancia-virtual.png","jetpack_sharing_enabled":true,"_links":{"self":[{"href":"https:\/\/radiocresatelital.com\/index.php?rest_route=\/wp\/v2\/posts\/38204","targetHints":{"allow":["GET"]}}],"collection":[{"href":"https:\/\/radiocresatelital.com\/index.php?rest_route=\/wp\/v2\/posts"}],"about":[{"href":"https:\/\/radiocresatelital.com\/index.php?rest_route=\/wp\/v2\/types\/post"}],"author":[{"embeddable":true,"href":"https:\/\/radiocresatelital.com\/index.php?rest_route=\/wp\/v2\/users\/2"}],"replies":[{"embeddable":true,"href":"https:\/\/radiocresatelital.com\/index.php?rest_route=%2Fwp%2Fv2%2Fcomments&post=38204"}],"version-history":[{"count":1,"href":"https:\/\/radiocresatelital.com\/index.php?rest_route=\/wp\/v2\/posts\/38204\/revisions"}],"predecessor-version":[{"id":38206,"href":"https:\/\/radiocresatelital.com\/index.php?rest_route=\/wp\/v2\/posts\/38204\/revisions\/38206"}],"wp:featuredmedia":[{"embeddable":true,"href":"https:\/\/radiocresatelital.com\/index.php?rest_route=\/wp\/v2\/media\/38205"}],"wp:attachment":[{"href":"https:\/\/radiocresatelital.com\/index.php?rest_route=%2Fwp%2Fv2%2Fmedia&parent=38204"}],"wp:term":[{"taxonomy":"category","embeddable":true,"href":"https:\/\/radiocresatelital.com\/index.php?rest_route=%2Fwp%2Fv2%2Fcategories&post=38204"},{"taxonomy":"post_tag","embeddable":true,"href":"https:\/\/radiocresatelital.com\/index.php?rest_route=%2Fwp%2Fv2%2Ftags&post=38204"}],"curies":[{"name":"wp","href":"https:\/\/api.w.org\/{rel}","templated":true}]}}