{"id":38200,"date":"2025-09-30T19:47:03","date_gmt":"2025-09-30T19:47:03","guid":{"rendered":"https:\/\/radiocresatelital.com\/?p=38200"},"modified":"2025-09-30T19:47:12","modified_gmt":"2025-09-30T19:47:12","slug":"las-damas-del-movistar-best-pc-competiran-en-costa-rica-2","status":"publish","type":"post","link":"https:\/\/radiocresatelital.com\/?p=38200","title":{"rendered":"Las damas del Movistar Best PC competir\u00e1n en Costa Rica"},"content":{"rendered":"<p>San Jos\u00e9.- Una nueva aventura enfrentar\u00e1 el equipo femenino del Movistar Best PC durante el desarrollo de la edici\u00f3n 23 de la Vuelta a Costa Rica, que se cumplir\u00e1 del 1 al 5 de octubre pr\u00f3ximo. Las damas partieron este lunes a tierras ticas.<\/p>\n<p>La n\u00f3mina del elenco telef\u00f3nico estar\u00e1 compuesta por Ana Mar\u00eda Torres, Marcela Pe\u00f1afiel, Ana Sol Salgado y Camila Vega, quienes estuvieron presentes en las pasadas pruebas en El Salvador y Colombia.<\/p>\n<p>Este evento hist\u00f3rico contar\u00e1 por primera vez con cinco etapas y reunir\u00e1 a ciclistas nacionales e internacionales. Hasta el a\u00f1o pasado, las pedalistas disputaban cuatro jornadas.<\/p>\n<p>El quinto lugar en la edici\u00f3n anterior motiv\u00f3 a Torres esta vez a \u201cpelear por conseguir un mejor puesto en la clasificaci\u00f3n general y representar de la mejor manera al pa\u00eds y al equipo\u201d, se\u00f1al\u00f3 la deportista azuaya.<\/p>\n<p>Adem\u00e1s de la presencia del <strong>Movistar Best PC<\/strong>, se espera la participaci\u00f3n de otros cuatro equipos internacionales y alrededor de ocho n\u00f3minas costarricenses, conformando un pelot\u00f3n cercano a las 80 ciclistas.<\/p>\n<p>\u201cEstamos ilusionadas y motivadas de poder competir en Costa Rica y las experiencias adquiridas en otros pa\u00edses y en las competencias locales nos sirven de mucho para mejorara nuestro nivel como equipo y de manera individual\u201d, remarc\u00f3 Ana Sol.<\/p>\n<p>El evento, organizado por la Federaci\u00f3n Costarricense de Ciclismo, incluir\u00e1 un recorrido total de 443 kil\u00f3metros. La competencia se desarrollar\u00e1 en la zona sur del pa\u00eds, en Cartago, y concluir\u00e1 con el tradicional circuito en Escaz\u00fa.<\/p>\n<p>De su lado, Marcela destac\u00f3 que conocer el recorrido ser\u00e1 \u201cimportante para posicionarnos de mejor manera en la clasificaci\u00f3n general y como conocemos las etapas ya no ser\u00e1 una sorpresa para nosotras\u201d.<\/p>\n<p>La prueba centroamericana servir\u00e1 para el reentre de Santiago Rosero como nuevo director deportivo del equipo. \u201cNos remontamos a 12 a\u00f1os donde pudimos crear el primer club de alto rendimiento y el primer equipo continental del pa\u00eds, posterior fui el primere t\u00e9cnico nacional que puedo estar con un equipo en Europa, fui presidente de la federaci\u00f3n y ahora vuelvo al lugar que me apasiona\u201d, mencion\u00f3.<\/p>\n<p>Las damas del <strong>Movistar Best PC <\/strong>se medir\u00e1n a rivales exigentes, buscando prepararse para las futuras competencias en la rama femenina, como la Vuelta al Ecuador 2025, que a\u00fan no tiene fecha de realizaci\u00f3n.<\/p>\n","protected":false},"excerpt":{"rendered":"<p>San Jos\u00e9.- Una nueva aventura enfrentar\u00e1 el equipo femenino del Movistar Best PC durante el desarrollo de la edici\u00f3n 23 de la Vuelta a Costa Rica, que se cumplir\u00e1 del 1 al 5 de octubre pr\u00f3ximo. Las damas partieron este lunes a tierras ticas. La n\u00f3mina del elenco telef\u00f3nico estar\u00e1 compuesta por Ana Mar\u00eda Torres, [&hellip;]<\/p>\n","protected":false},"author":2,"featured_media":38201,"comment_status":"open","ping_status":"closed","sticky":false,"template":"","format":"standard","meta":{"_jetpack_memberships_contains_paid_content":false,"footnotes":""},"categories":[120,9],"tags":[1029],"class_list":["post-38200","post","type-post","status-publish","format-standard","has-post-thumbnail","hentry","category-ciclismo","category-deportes","tag-movistar-best-pc"],"jetpack_featured_media_url":"https:\/\/radiocresatelital.com\/wp-content\/uploads\/2025\/09\/WhatsApp-Image-2025-09-30-at-10.18.02.jpeg","jetpack_sharing_enabled":true,"_links":{"self":[{"href":"https:\/\/radiocresatelital.com\/index.php?rest_route=\/wp\/v2\/posts\/38200","targetHints":{"allow":["GET"]}}],"collection":[{"href":"https:\/\/radiocresatelital.com\/index.php?rest_route=\/wp\/v2\/posts"}],"about":[{"href":"https:\/\/radiocresatelital.com\/index.php?rest_route=\/wp\/v2\/types\/post"}],"author":[{"embeddable":true,"href":"https:\/\/radiocresatelital.com\/index.php?rest_route=\/wp\/v2\/users\/2"}],"replies":[{"embeddable":true,"href":"https:\/\/radiocresatelital.com\/index.php?rest_route=%2Fwp%2Fv2%2Fcomments&post=38200"}],"version-history":[{"count":2,"href":"https:\/\/radiocresatelital.com\/index.php?rest_route=\/wp\/v2\/posts\/38200\/revisions"}],"predecessor-version":[{"id":38203,"href":"https:\/\/radiocresatelital.com\/index.php?rest_route=\/wp\/v2\/posts\/38200\/revisions\/38203"}],"wp:featuredmedia":[{"embeddable":true,"href":"https:\/\/radiocresatelital.com\/index.php?rest_route=\/wp\/v2\/media\/38201"}],"wp:attachment":[{"href":"https:\/\/radiocresatelital.com\/index.php?rest_route=%2Fwp%2Fv2%2Fmedia&parent=38200"}],"wp:term":[{"taxonomy":"category","embeddable":true,"href":"https:\/\/radiocresatelital.com\/index.php?rest_route=%2Fwp%2Fv2%2Fcategories&post=38200"},{"taxonomy":"post_tag","embeddable":true,"href":"https:\/\/radiocresatelital.com\/index.php?rest_route=%2Fwp%2Fv2%2Ftags&post=38200"}],"curies":[{"name":"wp","href":"https:\/\/api.w.org\/{rel}","templated":true}]}}