{"id":3820,"date":"2023-09-07T15:53:54","date_gmt":"2023-09-07T15:53:54","guid":{"rendered":"https:\/\/radiocresatelital.com\/?p=3820"},"modified":"2023-09-07T17:13:39","modified_gmt":"2023-09-07T17:13:39","slug":"oms-preocupada-por-aumento-de-casos-de-covid-19","status":"publish","type":"post","link":"https:\/\/radiocresatelital.com\/?p=3820","title":{"rendered":"OMS preocupada por aumento de casos de COVID 19"},"content":{"rendered":"<div class=\"x1lliihq\">\n<div class=\"x1lliihq\">\n<h4 class=\"_aarf _aarg _a9zp\" tabindex=\"0\" role=\"button\" aria-disabled=\"false\">Ginebra.- El director general de la Organizaci\u00f3n Mundial de la Salud (OMS), el doctor Tedros Adhanom, ha asegurado que, en las \u00faltimas semanas, se han seguido observando \u00abtendencias preocupantes de casos de Covid-19\u201d.<\/h4>\n<\/div>\n<\/div>\n<div class=\"_a9zr\">\n<div class=\"_a9zs\">\n<h4 class=\"_aacl _aaco _aacu _aacx _aad7 _aade\" dir=\"auto\">A pesar de que \u00abno hay una variante predominante\u00bb el foco est\u00e1 puesto en las variantes EG.5, que \u00abva en aumento\u00bb, y la variante BA.286, que se ha detectado \u00aben peque\u00f1as cantidades\u00bb en 11 pa\u00edses.<\/h4>\n<p>En este aspecto, el doctor Tedros ha reiterado que hacer un recuento de casos es dif\u00edcil debido a que no todos los pa\u00edses est\u00e1n informando sus cifras, de hecho, \u00absolo 43 pa\u00edses, menos de una cuarta parte de los estados miembros de la OMS, est\u00e1n informando de sus casos\u00bb.<\/p>\n<p>Por ello, aunque se ha visto que \u00abaumentan las hospitalizaciones por Covid-19 en Europa, Estados Unidos y Oriente Medio\u00bb, es necesario tener en cuenta que \u00absolo 20 estados proporcionan informaci\u00f3n sobre hospitalizaciones\u00bb.<\/p>\n<\/div>\n<\/div>\n","protected":false},"excerpt":{"rendered":"<p>Ginebra.- El director general de la Organizaci\u00f3n Mundial de la Salud (OMS), el doctor Tedros Adhanom, ha asegurado que, en las \u00faltimas semanas, se han seguido observando \u00abtendencias preocupantes de casos de Covid-19\u201d. A pesar de que \u00abno hay una variante predominante\u00bb el foco est\u00e1 puesto en las variantes EG.5, que \u00abva en aumento\u00bb, y [&hellip;]<\/p>\n","protected":false},"author":3,"featured_media":3821,"comment_status":"open","ping_status":"closed","sticky":false,"template":"","format":"standard","meta":{"_jetpack_memberships_contains_paid_content":false,"footnotes":""},"categories":[11],"tags":[733],"class_list":["post-3820","post","type-post","status-publish","format-standard","has-post-thumbnail","hentry","category-noticias-internacionales","tag-oms"],"jetpack_featured_media_url":"https:\/\/radiocresatelital.com\/wp-content\/uploads\/2023\/09\/tedros.jpg","jetpack_sharing_enabled":true,"_links":{"self":[{"href":"https:\/\/radiocresatelital.com\/index.php?rest_route=\/wp\/v2\/posts\/3820","targetHints":{"allow":["GET"]}}],"collection":[{"href":"https:\/\/radiocresatelital.com\/index.php?rest_route=\/wp\/v2\/posts"}],"about":[{"href":"https:\/\/radiocresatelital.com\/index.php?rest_route=\/wp\/v2\/types\/post"}],"author":[{"embeddable":true,"href":"https:\/\/radiocresatelital.com\/index.php?rest_route=\/wp\/v2\/users\/3"}],"replies":[{"embeddable":true,"href":"https:\/\/radiocresatelital.com\/index.php?rest_route=%2Fwp%2Fv2%2Fcomments&post=3820"}],"version-history":[{"count":2,"href":"https:\/\/radiocresatelital.com\/index.php?rest_route=\/wp\/v2\/posts\/3820\/revisions"}],"predecessor-version":[{"id":3834,"href":"https:\/\/radiocresatelital.com\/index.php?rest_route=\/wp\/v2\/posts\/3820\/revisions\/3834"}],"wp:featuredmedia":[{"embeddable":true,"href":"https:\/\/radiocresatelital.com\/index.php?rest_route=\/wp\/v2\/media\/3821"}],"wp:attachment":[{"href":"https:\/\/radiocresatelital.com\/index.php?rest_route=%2Fwp%2Fv2%2Fmedia&parent=3820"}],"wp:term":[{"taxonomy":"category","embeddable":true,"href":"https:\/\/radiocresatelital.com\/index.php?rest_route=%2Fwp%2Fv2%2Fcategories&post=3820"},{"taxonomy":"post_tag","embeddable":true,"href":"https:\/\/radiocresatelital.com\/index.php?rest_route=%2Fwp%2Fv2%2Ftags&post=3820"}],"curies":[{"name":"wp","href":"https:\/\/api.w.org\/{rel}","templated":true}]}}