{"id":38197,"date":"2025-09-30T19:20:26","date_gmt":"2025-09-30T19:20:26","guid":{"rendered":"https:\/\/radiocresatelital.com\/?p=38197"},"modified":"2025-09-30T19:20:26","modified_gmt":"2025-09-30T19:20:26","slug":"205-anos-de-grandeza-e-independencia-guayaquil-unidos-por-la-libertad","status":"publish","type":"post","link":"https:\/\/radiocresatelital.com\/?p=38197","title":{"rendered":"205 a\u00f1os de grandeza e Independencia, \u201cGuayaquil, Unidos por la Libertad\u201d"},"content":{"rendered":"<p>Guayaquil.- El Gobernador Humberto Plaza, presenta la agenda oficial de festividades por los 205 a\u00f1os de Independencia de Guayaquil, una programaci\u00f3n que re\u00fane actos c\u00edvicos, culturales, sociales y protocolarios en honor a la Perla del Pac\u00edfico.<\/p>\n<p><strong>Mi\u00e9rcoles 1 de octubre<\/strong><br \/>\nEvento c\u00edvico estudiantil \u2013 Unidad Educativa Fiscal Guayaquil, 08h30 locales (13h30 GMT).<br \/>\nJuventud que Inspira, di\u00e1logo social \u2013 Universitario Argos (sede sur), 10h00 locales (15h00 GMT).<br \/>\nEncuentro con medios digitales \u2013 Restaurante Camale\u00f3n &amp; Camale\u00f3n (Puerto Santana), 16h00 locales.<\/p>\n<p><strong>Jueves 2 de octubre<\/strong><br \/>\nConcurso de peri\u00f3dicos murales con materiales reciclables \u2013 Gobernaci\u00f3n del Guayas, Sal\u00f3n Sim\u00f3n Bol\u00edvar, 10h00 locales (15h00 GMT)<\/p>\n<p><strong>Viernes 3 de octubre<\/strong><br \/>\nFeria de salud \u201cGuayaquil es prevenci\u00f3n\u201d \u2013 Plaza de la Administraci\u00f3n, 09h00 a 14h00 locales (14h00 a 19h00 GMT).<br \/>\nBrigada social por el Nuevo Ecuador \u2013 Chong\u00f3n, 10h00 locales (15h00 GMT).<\/p>\n<p><strong>Domingo 5 de octubre<\/strong><br \/>\nAgroFest: del campo a la mesa \u2013 Plaza de la Administraci\u00f3n, 09h00 a 15h00.<\/p>\n<p><strong>Lunes 6 de octubre<\/strong><br \/>\nActo c\u00edvico \u2013 Unidad Educativa Fiscal Nueve de Octubre, 08h30 locales (13h30 GMT).<\/p>\n<p><strong>Martes 7 de octubre<\/strong><br \/>\nPoemas y amorfinos a Guayaquil \u2013 Plaza de la Administraci\u00f3n, 15h00 locales (20h00 GMT).<\/p>\n<p><strong>Mi\u00e9rcoles 8 de octubre<\/strong><br \/>\nBrigada social por el Nuevo Ecuador \u2013 Pascuales, 10h00 locales (15h00 GMT).<\/p>\n<p><strong>Jueves 9 de octubre<\/strong><br \/>\nImposici\u00f3n de ofrendas florales \u2013 Parque Centenario, 07h00 locales (12h00 GMT).<br \/>\nSesi\u00f3n solemne y condecoraciones \u2013 Teatro Centro C\u00edvico, 11h00 locales (16h00 GMT).<\/p>\n<p><strong>Actividades permanentes<\/strong><br \/>\nFeria Guayaquil de mis emprendedores \u2013 Plaza de la Administraci\u00f3n, del 1 al 12 de octubre, desde las 09h00 locales (14h00 GMT).<\/p>\n<p>Feria gastron\u00f3mica \u201cLas delicias de mi Perla\u201d \u2013 Plaza de la Administraci\u00f3n, del 3 al 5 y del 9 al 12 de octubre, desde las 09h00 locales (14h00 GMT).<\/p>\n<p>Estas fiestas son el reflejo de la grandeza guayaquile\u00f1a, donde los verdaderos protagonistas ser\u00e1n la juventud que inspira, los ciudadanos emprendedores, los guayaquile\u00f1os en acci\u00f3n y aquellas figuras que han contribuido al desarrollo de la ciudad m\u00e1s grande del Ecuador.<\/p>\n","protected":false},"excerpt":{"rendered":"<p>Guayaquil.- El Gobernador Humberto Plaza, presenta la agenda oficial de festividades por los 205 a\u00f1os de Independencia de Guayaquil, una programaci\u00f3n que re\u00fane actos c\u00edvicos, culturales, sociales y protocolarios en honor a la Perla del Pac\u00edfico. Mi\u00e9rcoles 1 de octubre Evento c\u00edvico estudiantil \u2013 Unidad Educativa Fiscal Guayaquil, 08h30 locales (13h30 GMT). Juventud que Inspira, [&hellip;]<\/p>\n","protected":false},"author":2,"featured_media":38198,"comment_status":"open","ping_status":"closed","sticky":false,"template":"","format":"standard","meta":{"_jetpack_memberships_contains_paid_content":false,"footnotes":""},"categories":[33,13],"tags":[5280],"class_list":["post-38197","post","type-post","status-publish","format-standard","has-post-thumbnail","hentry","category-guayaquil","category-noticias-nacionales","tag-gobernador-humberto-plaza"],"jetpack_featured_media_url":"https:\/\/radiocresatelital.com\/wp-content\/uploads\/2025\/09\/WhatsApp-Image-2025-09-30-at-14.01.53.jpeg","jetpack_sharing_enabled":true,"_links":{"self":[{"href":"https:\/\/radiocresatelital.com\/index.php?rest_route=\/wp\/v2\/posts\/38197","targetHints":{"allow":["GET"]}}],"collection":[{"href":"https:\/\/radiocresatelital.com\/index.php?rest_route=\/wp\/v2\/posts"}],"about":[{"href":"https:\/\/radiocresatelital.com\/index.php?rest_route=\/wp\/v2\/types\/post"}],"author":[{"embeddable":true,"href":"https:\/\/radiocresatelital.com\/index.php?rest_route=\/wp\/v2\/users\/2"}],"replies":[{"embeddable":true,"href":"https:\/\/radiocresatelital.com\/index.php?rest_route=%2Fwp%2Fv2%2Fcomments&post=38197"}],"version-history":[{"count":1,"href":"https:\/\/radiocresatelital.com\/index.php?rest_route=\/wp\/v2\/posts\/38197\/revisions"}],"predecessor-version":[{"id":38199,"href":"https:\/\/radiocresatelital.com\/index.php?rest_route=\/wp\/v2\/posts\/38197\/revisions\/38199"}],"wp:featuredmedia":[{"embeddable":true,"href":"https:\/\/radiocresatelital.com\/index.php?rest_route=\/wp\/v2\/media\/38198"}],"wp:attachment":[{"href":"https:\/\/radiocresatelital.com\/index.php?rest_route=%2Fwp%2Fv2%2Fmedia&parent=38197"}],"wp:term":[{"taxonomy":"category","embeddable":true,"href":"https:\/\/radiocresatelital.com\/index.php?rest_route=%2Fwp%2Fv2%2Fcategories&post=38197"},{"taxonomy":"post_tag","embeddable":true,"href":"https:\/\/radiocresatelital.com\/index.php?rest_route=%2Fwp%2Fv2%2Ftags&post=38197"}],"curies":[{"name":"wp","href":"https:\/\/api.w.org\/{rel}","templated":true}]}}