{"id":38187,"date":"2025-09-30T18:50:36","date_gmt":"2025-09-30T18:50:36","guid":{"rendered":"https:\/\/radiocresatelital.com\/?p=38187"},"modified":"2025-09-30T18:50:36","modified_gmt":"2025-09-30T18:50:36","slug":"medicos-del-hospital-teofilo-davila-salvaron-la-vida-de-paciente-que-permanecio-1245-dias-en-uci","status":"publish","type":"post","link":"https:\/\/radiocresatelital.com\/?p=38187","title":{"rendered":"M\u00e9dicos del Hospital Te\u00f3filo D\u00e1vila salvaron la vida de paciente que permaneci\u00f3 1245 d\u00edas en UCI"},"content":{"rendered":"<p>Machala.- El Hospital General Te\u00f3filo D\u00e1vila (HTD) vivi\u00f3 un hecho emotivo con el alta m\u00e9dica de Jhorman G., un joven de 29 a\u00f1os, de nacionalidad venezolana, quien permaneci\u00f3 hospitalizado durante 1.245 d\u00edas (tres a\u00f1os y cinco meses), tras sufrir un trauma raquimedular, consecuencia de un asalto con arma blanca, que lo dej\u00f3 en condici\u00f3n de cuadriplejia.<\/p>\n<p>Desde su ingreso, Jhorman fue sometido a una cirug\u00eda de alto riesgo y permaneci\u00f3 en la Unidad de Cuidados Intensivos (UCI), conectado a un respirador artificial y bajo estricta vigilancia m\u00e9dica, las 24 horas del d\u00eda, los 365 d\u00edas del a\u00f1o.<\/p>\n<p>El m\u00e9dico intensivista Jorge Caama\u00f1o explic\u00f3 que el paciente recibi\u00f3 atenci\u00f3n de un equipo multidisciplinario, con cuidados m\u00e9dicos especializados, alimentaci\u00f3n adecuada y terapias f\u00edsicas que permitieron mantenerlo con vida y estabilidad.<\/p>\n<p>\u201cDurante todo este tiempo estuvo bajo ventilaci\u00f3n mec\u00e1nica. Hoy, gracias al esfuerzo de todo el personal del hospital, puede finalmente ir a casa\u201d, se\u00f1al\u00f3 Caama\u00f1o.<\/p>\n<p>Entre l\u00e1grimas, Jhorman dijo estar agradecido: \u201cprimero con Dios y con el personal del Hospital Te\u00f3filo D\u00e1vila. Estoy con vida gracias a su entrega y buen coraz\u00f3n. Hoy soy feliz porque voy a estar en casa con mi familia, algo que siempre so\u00f1\u00e9, desde que mi vida cambi\u00f3.\u201d<\/p>\n<p>Por su parte, el gerente hospitalario Franklin Satama destac\u00f3 el trabajo conjunto con la Gobernaci\u00f3n de El Oro, que permiti\u00f3 equipar la vivienda de los padres de Jhorman con un respirador artificial y un sistema de ox\u00edgeno, garantizando su seguridad en casa.<\/p>\n<p>\u201cGracias al aporte del Gobernador Jimmy Blacio se logr\u00f3 dotar de los equipos necesarios, lo que hace posible que Jhorman hoy pueda reunirse con su familia\u201d, indic\u00f3 Satama.<\/p>\n<p>Durante el transcurso de 2025, un total de 112 pacientes han sido dados de alta de la Unidad de Cuidados Intensivos (UCI) del Hospital General Te\u00f3filo D\u00e1vila.<\/p>\n<p>Este resultado refleja el trabajo multidisciplinario del equipo de m\u00e9dicos intensivistas, enfermeras y personal de apoyo, quienes con dedicaci\u00f3n, conocimiento y tecnolog\u00eda de vanguardia han logrado salvar vidas y contribuir a la recuperaci\u00f3n de los pacientes cr\u00edticos, acot\u00f3 el gerente del Hospital.<\/p>\n","protected":false},"excerpt":{"rendered":"<p>Machala.- El Hospital General Te\u00f3filo D\u00e1vila (HTD) vivi\u00f3 un hecho emotivo con el alta m\u00e9dica de Jhorman G., un joven de 29 a\u00f1os, de nacionalidad venezolana, quien permaneci\u00f3 hospitalizado durante 1.245 d\u00edas (tres a\u00f1os y cinco meses), tras sufrir un trauma raquimedular, consecuencia de un asalto con arma blanca, que lo dej\u00f3 en condici\u00f3n de [&hellip;]<\/p>\n","protected":false},"author":2,"featured_media":38188,"comment_status":"open","ping_status":"closed","sticky":false,"template":"","format":"standard","meta":{"_jetpack_memberships_contains_paid_content":false,"footnotes":""},"categories":[13],"tags":[269],"class_list":["post-38187","post","type-post","status-publish","format-standard","has-post-thumbnail","hentry","category-noticias-nacionales","tag-hospital-general-teofilo-davila"],"jetpack_featured_media_url":"https:\/\/radiocresatelital.com\/wp-content\/uploads\/2025\/09\/WhatsApp-Image-2025-09-30-at-13.27.34.jpeg","jetpack_sharing_enabled":true,"_links":{"self":[{"href":"https:\/\/radiocresatelital.com\/index.php?rest_route=\/wp\/v2\/posts\/38187","targetHints":{"allow":["GET"]}}],"collection":[{"href":"https:\/\/radiocresatelital.com\/index.php?rest_route=\/wp\/v2\/posts"}],"about":[{"href":"https:\/\/radiocresatelital.com\/index.php?rest_route=\/wp\/v2\/types\/post"}],"author":[{"embeddable":true,"href":"https:\/\/radiocresatelital.com\/index.php?rest_route=\/wp\/v2\/users\/2"}],"replies":[{"embeddable":true,"href":"https:\/\/radiocresatelital.com\/index.php?rest_route=%2Fwp%2Fv2%2Fcomments&post=38187"}],"version-history":[{"count":1,"href":"https:\/\/radiocresatelital.com\/index.php?rest_route=\/wp\/v2\/posts\/38187\/revisions"}],"predecessor-version":[{"id":38189,"href":"https:\/\/radiocresatelital.com\/index.php?rest_route=\/wp\/v2\/posts\/38187\/revisions\/38189"}],"wp:featuredmedia":[{"embeddable":true,"href":"https:\/\/radiocresatelital.com\/index.php?rest_route=\/wp\/v2\/media\/38188"}],"wp:attachment":[{"href":"https:\/\/radiocresatelital.com\/index.php?rest_route=%2Fwp%2Fv2%2Fmedia&parent=38187"}],"wp:term":[{"taxonomy":"category","embeddable":true,"href":"https:\/\/radiocresatelital.com\/index.php?rest_route=%2Fwp%2Fv2%2Fcategories&post=38187"},{"taxonomy":"post_tag","embeddable":true,"href":"https:\/\/radiocresatelital.com\/index.php?rest_route=%2Fwp%2Fv2%2Ftags&post=38187"}],"curies":[{"name":"wp","href":"https:\/\/api.w.org\/{rel}","templated":true}]}}