{"id":38178,"date":"2025-09-30T18:29:19","date_gmt":"2025-09-30T18:29:19","guid":{"rendered":"https:\/\/radiocresatelital.com\/?p=38178"},"modified":"2025-09-30T18:29:36","modified_gmt":"2025-09-30T18:29:36","slug":"700-aspirantes-inician-capacitacion-academica-para-convertirse-en-agentes-de-control-municipal","status":"publish","type":"post","link":"https:\/\/radiocresatelital.com\/?p=38178","title":{"rendered":"700 aspirantes inician capacitaci\u00f3n acad\u00e9mica para convertirse en Agentes de Control Municipal"},"content":{"rendered":"<p>Guayaquil..- La seguridad y la convivencia ciudadana en Guayaquil se refuerzan con la preparaci\u00f3n de 700 nuevos Agentes de Control Municipal (ACM), quienes, este lunes 29 de septiembre, iniciaron su formaci\u00f3n acad\u00e9mica en la Universidad Ecotec, instituci\u00f3n encargada de llevar adelante este proceso.<\/p>\n<p>La incorporaci\u00f3n de estos aspirantes se enmarca en el C\u00f3digo Org\u00e1nico de Entidades de Seguridad Ciudadana y Orden P\u00fablico (COESCOP), que establece sus funciones en la prevenci\u00f3n del delito, control de mercados, plazas y malecones, seguridad tur\u00edstica, gesti\u00f3n ambiental y atenci\u00f3n a poblaciones vulnerables. Con ello, se busca reconstruir el tejido social y garantizar el cumplimiento de las ordenanzas municipales.<\/p>\n<p>Alex Anchundia, gerente general de Segura EP, resalt\u00f3 la importancia de esta etapa de preparaci\u00f3n. \u201cUstedes son el rostro, son la imagen del Municipio de Guayaquil. En ustedes se personifica lo que es esta Alcald\u00eda y los deseos que tenemos nosotros de tener una ciudad comprometida con el orden y con la seguridad\u201d, dijo.<\/p>\n<p>El plan acad\u00e9mico contempla cuatro m\u00f3dulos principales: legislaci\u00f3n y normativa, comunicaci\u00f3n, \u00e9tica y liderazgo aplicado, adem\u00e1s de la especializaci\u00f3n operativa vinculada a sus futuras funciones. Tambi\u00e9n se incluir\u00e1n contenidos sobre ordenanzas municipales, primeros auxilios, derechos humanos, gesti\u00f3n de riesgos, resoluci\u00f3n de conflictos, manejo de disturbios, inteligencia emocional e ingl\u00e9s como segundo idioma.<\/p>\n<p>\u201cLa Universidad Ecotec asume este desaf\u00edo tanto como una tarea acad\u00e9mica como una contribuci\u00f3n concreta al fortalecimiento del tejido social y a la construcci\u00f3n de una ciudad m\u00e1s segura, ordenada e inclusiva\u201d, se\u00f1al\u00f3 Joaqu\u00edn Hern\u00e1ndez Alvarado, rector del centro de educaci\u00f3n superior.<\/p>\n<p>Este proceso se inici\u00f3 con un pre-registro del 25 al 29 de junio de 2025, en el que se inscribieron 21.341 ciudadanos. De ellos, 12.940 fueron considerados aptos y, tras nueve fases de evaluaci\u00f3n t\u00e9cnica y transparente, 700 alcanzaron la selecci\u00f3n final.<\/p>\n<p>Una vez concluya el proceso, Guayaquil contar\u00e1 con alrededor de 2.000 agentes de control, consolidando un cuerpo disciplinado y comprometido con la Ciudad de Todos.<\/p>\n","protected":false},"excerpt":{"rendered":"<p>Guayaquil..- La seguridad y la convivencia ciudadana en Guayaquil se refuerzan con la preparaci\u00f3n de 700 nuevos Agentes de Control Municipal (ACM), quienes, este lunes 29 de septiembre, iniciaron su formaci\u00f3n acad\u00e9mica en la Universidad Ecotec, instituci\u00f3n encargada de llevar adelante este proceso. La incorporaci\u00f3n de estos aspirantes se enmarca en el C\u00f3digo Org\u00e1nico de [&hellip;]<\/p>\n","protected":false},"author":2,"featured_media":38179,"comment_status":"open","ping_status":"closed","sticky":false,"template":"","format":"standard","meta":{"_jetpack_memberships_contains_paid_content":false,"footnotes":""},"categories":[33,13],"tags":[1933],"class_list":["post-38178","post","type-post","status-publish","format-standard","has-post-thumbnail","hentry","category-guayaquil","category-noticias-nacionales","tag-agentes-de-control-municipal"],"jetpack_featured_media_url":"https:\/\/radiocresatelital.com\/wp-content\/uploads\/2025\/09\/ACM-1-scaled.jpeg","jetpack_sharing_enabled":true,"_links":{"self":[{"href":"https:\/\/radiocresatelital.com\/index.php?rest_route=\/wp\/v2\/posts\/38178","targetHints":{"allow":["GET"]}}],"collection":[{"href":"https:\/\/radiocresatelital.com\/index.php?rest_route=\/wp\/v2\/posts"}],"about":[{"href":"https:\/\/radiocresatelital.com\/index.php?rest_route=\/wp\/v2\/types\/post"}],"author":[{"embeddable":true,"href":"https:\/\/radiocresatelital.com\/index.php?rest_route=\/wp\/v2\/users\/2"}],"replies":[{"embeddable":true,"href":"https:\/\/radiocresatelital.com\/index.php?rest_route=%2Fwp%2Fv2%2Fcomments&post=38178"}],"version-history":[{"count":1,"href":"https:\/\/radiocresatelital.com\/index.php?rest_route=\/wp\/v2\/posts\/38178\/revisions"}],"predecessor-version":[{"id":38180,"href":"https:\/\/radiocresatelital.com\/index.php?rest_route=\/wp\/v2\/posts\/38178\/revisions\/38180"}],"wp:featuredmedia":[{"embeddable":true,"href":"https:\/\/radiocresatelital.com\/index.php?rest_route=\/wp\/v2\/media\/38179"}],"wp:attachment":[{"href":"https:\/\/radiocresatelital.com\/index.php?rest_route=%2Fwp%2Fv2%2Fmedia&parent=38178"}],"wp:term":[{"taxonomy":"category","embeddable":true,"href":"https:\/\/radiocresatelital.com\/index.php?rest_route=%2Fwp%2Fv2%2Fcategories&post=38178"},{"taxonomy":"post_tag","embeddable":true,"href":"https:\/\/radiocresatelital.com\/index.php?rest_route=%2Fwp%2Fv2%2Ftags&post=38178"}],"curies":[{"name":"wp","href":"https:\/\/api.w.org\/{rel}","templated":true}]}}