{"id":3817,"date":"2023-09-07T15:45:32","date_gmt":"2023-09-07T15:45:32","guid":{"rendered":"https:\/\/radiocresatelital.com\/?p=3817"},"modified":"2023-09-07T17:12:40","modified_gmt":"2023-09-07T17:12:40","slug":"ruth-del-salto-la-moderadora-para-el-debate-final","status":"publish","type":"post","link":"https:\/\/radiocresatelital.com\/?p=3817","title":{"rendered":"Ruth del Salto, la moderadora para el debate final"},"content":{"rendered":"<div class=\"_a9zs\">\n<h4 dir=\"auto\">Quito.- Ruth del Salto, ser\u00e1 la moderadora del debate que se realizar\u00e1 el 1 de octubre entre los finalistas de la segunda vuelta electoral entre Luisa Gonz\u00e1lez\u00a0 del corre\u00edsmo y Daniel Noboa de ADN.<\/h4>\n<h4 class=\"_aacl _aaco _aacu _aacx _aad7 _aade\" dir=\"auto\">Fueron 3 los periodistas que conformaban la terna de los aspirantes a conducir el debate fueron propuestos por el Comit\u00e9 de Debates: Ruth del Salto, Fabricio Vela y Luisa Delgadillo.<\/h4>\n<h4 class=\"_aacl _aaco _aacu _aacx _aad7 _aade\" dir=\"auto\">Para el debate se unificaron dos ejes tem\u00e1ticos, reduciendo a cuatro los temas a tratar durante el debate electoral.<\/h4>\n<\/div>\n","protected":false},"excerpt":{"rendered":"<p>Quito.- Ruth del Salto, ser\u00e1 la moderadora del debate que se realizar\u00e1 el 1 de octubre entre los finalistas de la segunda vuelta electoral entre Luisa Gonz\u00e1lez\u00a0 del corre\u00edsmo y Daniel Noboa de ADN. Fueron 3 los periodistas que conformaban la terna de los aspirantes a conducir el debate fueron propuestos por el Comit\u00e9 de [&hellip;]<\/p>\n","protected":false},"author":3,"featured_media":3818,"comment_status":"open","ping_status":"closed","sticky":false,"template":"","format":"standard","meta":{"_jetpack_memberships_contains_paid_content":false,"footnotes":""},"categories":[13],"tags":[732],"class_list":["post-3817","post","type-post","status-publish","format-standard","has-post-thumbnail","hentry","category-noticias-nacionales","tag-ruth-del-salto"],"jetpack_featured_media_url":"https:\/\/radiocresatelital.com\/wp-content\/uploads\/2023\/09\/debate.jpg","jetpack_sharing_enabled":true,"_links":{"self":[{"href":"https:\/\/radiocresatelital.com\/index.php?rest_route=\/wp\/v2\/posts\/3817","targetHints":{"allow":["GET"]}}],"collection":[{"href":"https:\/\/radiocresatelital.com\/index.php?rest_route=\/wp\/v2\/posts"}],"about":[{"href":"https:\/\/radiocresatelital.com\/index.php?rest_route=\/wp\/v2\/types\/post"}],"author":[{"embeddable":true,"href":"https:\/\/radiocresatelital.com\/index.php?rest_route=\/wp\/v2\/users\/3"}],"replies":[{"embeddable":true,"href":"https:\/\/radiocresatelital.com\/index.php?rest_route=%2Fwp%2Fv2%2Fcomments&post=3817"}],"version-history":[{"count":2,"href":"https:\/\/radiocresatelital.com\/index.php?rest_route=\/wp\/v2\/posts\/3817\/revisions"}],"predecessor-version":[{"id":3833,"href":"https:\/\/radiocresatelital.com\/index.php?rest_route=\/wp\/v2\/posts\/3817\/revisions\/3833"}],"wp:featuredmedia":[{"embeddable":true,"href":"https:\/\/radiocresatelital.com\/index.php?rest_route=\/wp\/v2\/media\/3818"}],"wp:attachment":[{"href":"https:\/\/radiocresatelital.com\/index.php?rest_route=%2Fwp%2Fv2%2Fmedia&parent=3817"}],"wp:term":[{"taxonomy":"category","embeddable":true,"href":"https:\/\/radiocresatelital.com\/index.php?rest_route=%2Fwp%2Fv2%2Fcategories&post=3817"},{"taxonomy":"post_tag","embeddable":true,"href":"https:\/\/radiocresatelital.com\/index.php?rest_route=%2Fwp%2Fv2%2Ftags&post=3817"}],"curies":[{"name":"wp","href":"https:\/\/api.w.org\/{rel}","templated":true}]}}