{"id":38169,"date":"2025-09-29T21:50:01","date_gmt":"2025-09-29T21:50:01","guid":{"rendered":"https:\/\/radiocresatelital.com\/?p=38169"},"modified":"2025-09-29T21:50:17","modified_gmt":"2025-09-29T21:50:17","slug":"la-ciudad-celebra-el-dia-del-corazon-con-programas-que-fortalecen-la-salud-cardiovascular","status":"publish","type":"post","link":"https:\/\/radiocresatelital.com\/?p=38169","title":{"rendered":"La ciudad celebra el D\u00eda del Coraz\u00f3n con programas que fortalecen la salud cardiovascular"},"content":{"rendered":"<p>Guayaquil.- Con din\u00e1micas que motivan a ejercitarse al aire libre, los pacientes del Hospital del D\u00eda Jacobo &amp; Mar\u00eda Elena Ratinoff celebraron el D\u00eda Internacional del Coraz\u00f3n, en una jornada de salud preventiva que fortaleci\u00f3 la uni\u00f3n entre quienes reciben atenci\u00f3n gratuita en el \u00e1rea cardiol\u00f3gica.<\/p>\n<p>La iniciativa se enmarca en la pol\u00edtica de fortalecimiento de la salud p\u00fablica local que lidera el alcalde Aquiles Alvarez, con el prop\u00f3sito de mejorar la calidad de vida de la poblaci\u00f3n. Actualmente, once establecimientos municipales cuentan con clubes de hipertensi\u00f3n que promueven el control peri\u00f3dico de la presi\u00f3n arterial y la adopci\u00f3n de h\u00e1bitos de vida saludables.<\/p>\n<p>Desde enero hasta la fecha, la Direcci\u00f3n de Salud e Higiene ha brindado atenci\u00f3n cardiol\u00f3gica a 64.145 personas. \u201c55.000 son por hipertensi\u00f3n arterial, es una estad\u00edstica alarmante que necesitamos tomar riendas en el asunto\u201d, afirm\u00f3 el doctor Juan Carlos Gonzalez. director de Salud e Higiene.<\/p>\n<p>El impacto econ\u00f3mico tambi\u00e9n es significativo. Ileana Flores, paciente frecuente de la unidad m\u00e9dica ubicada en las calles 8va y Bolivia, recuerda el dinero que gast\u00f3 en una consulta de cardiolog\u00eda hace dos a\u00f1os. \u201cMe cost\u00f3 casi 80 d\u00f3lares, solamente el doctor, el cardi\u00f3logo, nada m\u00e1s, de ah\u00ed aparte tuve que hacerme electrocardiograma, es mucho<br \/>\nla diferencia, m\u00e1s que todo aqu\u00ed nos dan un servicio gratis para todas las personas que no tenemos\u201d, asegur\u00f3.<\/p>\n<p>Para el pr\u00f3ximo a\u00f1o, el presupuesto de salud municipal ascender\u00e1 a USD 18,7 millones, lo que permitir\u00e1 ampliar servicios especializados y generar un ahorro directo para los pacientes. Entre las acciones previstas se encuentran el fortalecimiento de los clubes de diab\u00e9ticos, la mejora de \u00e1reas de laboratorio e imagenolog\u00eda, la implementaci\u00f3n de<br \/>\nprocedimientos de diagn\u00f3stico como los mapeos Holter y la incorporaci\u00f3n progresiva de intervenciones m\u00ednimamente invasivas en cardiolog\u00eda.<\/p>\n<p>Con este compromiso, el alcalde Aquiles Alvarez consolida un sistema de salud cardiovascular m\u00e1s moderno, inclusivo y accesible para todos.<\/p>\n","protected":false},"excerpt":{"rendered":"<p>Guayaquil.- Con din\u00e1micas que motivan a ejercitarse al aire libre, los pacientes del Hospital del D\u00eda Jacobo &amp; Mar\u00eda Elena Ratinoff celebraron el D\u00eda Internacional del Coraz\u00f3n, en una jornada de salud preventiva que fortaleci\u00f3 la uni\u00f3n entre quienes reciben atenci\u00f3n gratuita en el \u00e1rea cardiol\u00f3gica. La iniciativa se enmarca en la pol\u00edtica de fortalecimiento [&hellip;]<\/p>\n","protected":false},"author":2,"featured_media":38170,"comment_status":"open","ping_status":"closed","sticky":false,"template":"","format":"standard","meta":{"_jetpack_memberships_contains_paid_content":false,"footnotes":""},"categories":[13],"tags":[5527],"class_list":["post-38169","post","type-post","status-publish","format-standard","has-post-thumbnail","hentry","category-noticias-nacionales","tag-hospital-del-dia-jacobo-maria-elena-ratinoff"],"jetpack_featured_media_url":"https:\/\/radiocresatelital.com\/wp-content\/uploads\/2025\/09\/WhatsApp-Image-2025-09-29-at-12.28.46-scaled.jpeg","jetpack_sharing_enabled":true,"_links":{"self":[{"href":"https:\/\/radiocresatelital.com\/index.php?rest_route=\/wp\/v2\/posts\/38169","targetHints":{"allow":["GET"]}}],"collection":[{"href":"https:\/\/radiocresatelital.com\/index.php?rest_route=\/wp\/v2\/posts"}],"about":[{"href":"https:\/\/radiocresatelital.com\/index.php?rest_route=\/wp\/v2\/types\/post"}],"author":[{"embeddable":true,"href":"https:\/\/radiocresatelital.com\/index.php?rest_route=\/wp\/v2\/users\/2"}],"replies":[{"embeddable":true,"href":"https:\/\/radiocresatelital.com\/index.php?rest_route=%2Fwp%2Fv2%2Fcomments&post=38169"}],"version-history":[{"count":1,"href":"https:\/\/radiocresatelital.com\/index.php?rest_route=\/wp\/v2\/posts\/38169\/revisions"}],"predecessor-version":[{"id":38171,"href":"https:\/\/radiocresatelital.com\/index.php?rest_route=\/wp\/v2\/posts\/38169\/revisions\/38171"}],"wp:featuredmedia":[{"embeddable":true,"href":"https:\/\/radiocresatelital.com\/index.php?rest_route=\/wp\/v2\/media\/38170"}],"wp:attachment":[{"href":"https:\/\/radiocresatelital.com\/index.php?rest_route=%2Fwp%2Fv2%2Fmedia&parent=38169"}],"wp:term":[{"taxonomy":"category","embeddable":true,"href":"https:\/\/radiocresatelital.com\/index.php?rest_route=%2Fwp%2Fv2%2Fcategories&post=38169"},{"taxonomy":"post_tag","embeddable":true,"href":"https:\/\/radiocresatelital.com\/index.php?rest_route=%2Fwp%2Fv2%2Ftags&post=38169"}],"curies":[{"name":"wp","href":"https:\/\/api.w.org\/{rel}","templated":true}]}}