{"id":38164,"date":"2025-09-29T21:26:27","date_gmt":"2025-09-29T21:26:27","guid":{"rendered":"https:\/\/radiocresatelital.com\/?p=38164"},"modified":"2025-09-29T21:26:27","modified_gmt":"2025-09-29T21:26:27","slug":"mesa-tecnica-de-seguridad-liderada-por-la-prefectura-del-guayas-acuerda-reforzar-controles-en-el-sector-de-virgen-de-fatima","status":"publish","type":"post","link":"https:\/\/radiocresatelital.com\/?p=38164","title":{"rendered":"Mesa T\u00e9cnica de Seguridad, liderada por la Prefectura del Guayas, acuerda reforzar controles en el sector de Virgen de F\u00e1tima"},"content":{"rendered":"<p><span style=\"font-weight: 400;\">Guayaquil.- El director de Gesti\u00f3n de Riesgos y Seguridad Ciudadana de la Prefectura, Carlos Cuesta, dirigi\u00f3 la reuni\u00f3n que fue convocada por la prefecta Marcela Agui\u00f1aga, en su calidad de vicepresidenta del Consejo Provincial de Seguridad del Guayas, con el objetivo de evaluar y afianzar los operativos de control, en la parroquia Virgen de F\u00e1tima, a la altura del Km 26 de la v\u00eda Dur\u00e1n-Tambo.<\/p>\n<p>A la cita, acudieron autoridades de la Polic\u00eda Nacional, y delegados del ECU-911, CNEL, delegados de ARCOTEL y el Ministerio de Telecomunicaciones y de la Sociedad de la Informaci\u00f3n, Ministerio de Turismo, municipio de Yaguachi, as\u00ed como de la Fiscal\u00eda, Comisi\u00f3n de Tr\u00e1nsito del Ecuador y los transportistas.\u00a0<\/span><\/p>\n<p><span style=\"font-weight: 400;\">En la Mesa T\u00e9cnica de Seguridad Ciudadana y Vial, liderada por el Gobierno Provincial del Guayas, se definieron estrategias y acciones para frenar el repunte de hechos delictivos que afectan al transporte de pasajeros y turistas, como a la carga pesada que toma la v\u00eda Guayaquil-Cuenca.<\/span><\/p>\n<p><span style=\"font-weight: 400;\">\u201cVamos a reforzar los operativos de control en el Km 26, Virgen de F\u00e1tima, especialmente en la madrugada. La Polic\u00eda Nacional se ha comprometido a realizar este trabajo. Asimismo, la Fiscal\u00eda va a mejorar sus procesos de recepci\u00f3n de denuncias\u201d, resalt\u00f3 Cuesta. Director de Gesti\u00f3n de Riesgos y Seguridad Ciudadana de la Prefectura.\u00a0<\/span><\/p>\n<p><span style=\"font-weight: 400;\">Por su parte, Patricio Ch\u00e9rrez, director de la alianza de microbuses en la ruta Guayaquil-Cuenca, expres\u00f3 su agradecimiento a la prefecta Agui\u00f1aga \u201cpor ser tomados en cuenta siempre en los temas de seguridad. Siempre est\u00e1n en ello para darnos el contingente necesario para que la ciudadan\u00eda tanto azuaya como guayasense est\u00e9 protegida y tenga confianza de viajar\u201d, concluy\u00f3.<\/span><\/p>\n","protected":false},"excerpt":{"rendered":"<p>Guayaquil.- El director de Gesti\u00f3n de Riesgos y Seguridad Ciudadana de la Prefectura, Carlos Cuesta, dirigi\u00f3 la reuni\u00f3n que fue convocada por la prefecta Marcela Agui\u00f1aga, en su calidad de vicepresidenta del Consejo Provincial de Seguridad del Guayas, con el objetivo de evaluar y afianzar los operativos de control, en la parroquia Virgen de F\u00e1tima, [&hellip;]<\/p>\n","protected":false},"author":2,"featured_media":38165,"comment_status":"open","ping_status":"closed","sticky":false,"template":"","format":"standard","meta":{"_jetpack_memberships_contains_paid_content":false,"footnotes":""},"categories":[13],"tags":[6037,2699],"class_list":["post-38164","post","type-post","status-publish","format-standard","has-post-thumbnail","hentry","category-noticias-nacionales","tag-director-de-gestion-de-riesgos-y-seguridad-ciudadana-de-la-prefectura","tag-prefecta-marcela-aguinaga"],"jetpack_featured_media_url":"https:\/\/radiocresatelital.com\/wp-content\/uploads\/2025\/09\/WhatsApp-Image-2025-09-29-at-10.18.58.jpeg","jetpack_sharing_enabled":true,"_links":{"self":[{"href":"https:\/\/radiocresatelital.com\/index.php?rest_route=\/wp\/v2\/posts\/38164","targetHints":{"allow":["GET"]}}],"collection":[{"href":"https:\/\/radiocresatelital.com\/index.php?rest_route=\/wp\/v2\/posts"}],"about":[{"href":"https:\/\/radiocresatelital.com\/index.php?rest_route=\/wp\/v2\/types\/post"}],"author":[{"embeddable":true,"href":"https:\/\/radiocresatelital.com\/index.php?rest_route=\/wp\/v2\/users\/2"}],"replies":[{"embeddable":true,"href":"https:\/\/radiocresatelital.com\/index.php?rest_route=%2Fwp%2Fv2%2Fcomments&post=38164"}],"version-history":[{"count":1,"href":"https:\/\/radiocresatelital.com\/index.php?rest_route=\/wp\/v2\/posts\/38164\/revisions"}],"predecessor-version":[{"id":38166,"href":"https:\/\/radiocresatelital.com\/index.php?rest_route=\/wp\/v2\/posts\/38164\/revisions\/38166"}],"wp:featuredmedia":[{"embeddable":true,"href":"https:\/\/radiocresatelital.com\/index.php?rest_route=\/wp\/v2\/media\/38165"}],"wp:attachment":[{"href":"https:\/\/radiocresatelital.com\/index.php?rest_route=%2Fwp%2Fv2%2Fmedia&parent=38164"}],"wp:term":[{"taxonomy":"category","embeddable":true,"href":"https:\/\/radiocresatelital.com\/index.php?rest_route=%2Fwp%2Fv2%2Fcategories&post=38164"},{"taxonomy":"post_tag","embeddable":true,"href":"https:\/\/radiocresatelital.com\/index.php?rest_route=%2Fwp%2Fv2%2Ftags&post=38164"}],"curies":[{"name":"wp","href":"https:\/\/api.w.org\/{rel}","templated":true}]}}