{"id":38146,"date":"2025-09-29T20:50:55","date_gmt":"2025-09-29T20:50:55","guid":{"rendered":"https:\/\/radiocresatelital.com\/?p=38146"},"modified":"2025-09-29T20:51:06","modified_gmt":"2025-09-29T20:51:06","slug":"guayaquil-destinara-mas-recursos-a-justicia-social-derechos-humanos-y-participacion-comunitaria","status":"publish","type":"post","link":"https:\/\/radiocresatelital.com\/?p=38146","title":{"rendered":"Guayaquil destinar\u00e1 m\u00e1s recursos a justicia social, derechos humanos y participaci\u00f3n comunitaria"},"content":{"rendered":"<p>Guayaquil.- El eje social de la ciudad dar\u00e1 un paso significativo en 2026 con un mayor presupuesto destinado a fortalecer la ayuda social y educativa, implementar nueva infraestructura y promover alianzas con el sector privado en beneficio de los ciudadanos en situaci\u00f3n de vulnerabilidad.<\/p>\n<p>Para el pr\u00f3ximo a\u00f1o, la Alcald\u00eda de Guayaquil asignar\u00e1 USD 19 millones a la Empresa P\u00fablica de Acci\u00f3n Social y Educaci\u00f3n (DASE EP), un 35% m\u00e1s que los USD 14 millones vigentes en 2025. Estas cifras se dieron a conocer durante una rueda de prensa realizada, la ma\u00f1ana de este lunes 29 de septiembre, por Virgilio Pesantes, gerente general de DASE EP; Emilene Aguayo, subgerente de Proyectos Sociales, Integraci\u00f3n Barrial y Educaci\u00f3n; y Andrea Giler, presidenta del Directorio de DASE.<\/p>\n<p>Pesantes se\u00f1al\u00f3 que los recursos estar\u00e1n enfocados en tres macro ejes: justicia social y equidad, derechos humanos, g\u00e9nero y participaci\u00f3n comunitaria. Esta inversi\u00f3n, explic\u00f3, no es et\u00e9rea, sino que prevendr\u00e1 las violencias y brindar\u00e1 nuevas oportunidades. \u201cHoy tenemos una DASE m\u00e1s fuerte, con m\u00e1s presupuesto, con una mejor visi\u00f3n de urgencia social\u201d.<\/p>\n<p>Entre los nuevos proyectos previstos para 2026 se encuentran las becas \u201cOrgullo de Guayaquil\u201d, que reconocen a j\u00f3venes destacados como agentes de cambio en lo social, deportivo, cultural y de voluntariado. Adem\u00e1s, se entregar\u00e1n mochilas y \u00fatiles escolares, se capacitar\u00e1 a docentes y se proporcionar\u00e1n herramientas digitales.<\/p>\n<p>\u201cTenemos tambi\u00e9n los Centros de Tarea y Nivelaci\u00f3n, estamos trabajando en un espacio donde las familias guayaquile\u00f1as puedan enviar a sus hijos a poder hacer tareas, estudiar siguiendo el cronograma y malla curricular (\u2026) los ni\u00f1os estar\u00e1n acompa\u00f1ados por profesores altamente calificados\u201d, expres\u00f3 Aguayo.<\/p>\n<p>Tambi\u00e9n se prev\u00e9 la entrega de 2.000 almuerzos gratuitos diarios en comedores comunitarios, la apertura del Centro Municipal de Cuidado Infantil Pancho J\u00e1come, as\u00ed como la repotenciaci\u00f3n de los CAMI (Centros de Atenci\u00f3n Municipal Integral) y de los cementerios municipales.<\/p>\n<p>Finalmente, se fortalecer\u00e1n las alianzas con el sector privado. \u201cCada inversi\u00f3n social queremos que se multiplique (\u2026) estamos trabajando con que empresas apadrinen m\u00e1s comedores comunitarios para ni\u00f1os y j\u00f3venes, guarder\u00edas y que fortalezcan programas de inserci\u00f3n laboral\u201d, puntualiz\u00f3 Giler.<\/p>\n","protected":false},"excerpt":{"rendered":"<p>Guayaquil.- El eje social de la ciudad dar\u00e1 un paso significativo en 2026 con un mayor presupuesto destinado a fortalecer la ayuda social y educativa, implementar nueva infraestructura y promover alianzas con el sector privado en beneficio de los ciudadanos en situaci\u00f3n de vulnerabilidad. Para el pr\u00f3ximo a\u00f1o, la Alcald\u00eda de Guayaquil asignar\u00e1 USD 19 [&hellip;]<\/p>\n","protected":false},"author":2,"featured_media":38147,"comment_status":"open","ping_status":"closed","sticky":false,"template":"","format":"standard","meta":{"_jetpack_memberships_contains_paid_content":false,"footnotes":""},"categories":[33,13],"tags":[293],"class_list":["post-38146","post","type-post","status-publish","format-standard","has-post-thumbnail","hentry","category-guayaquil","category-noticias-nacionales","tag-alcaldia-de-guayaquil"],"jetpack_featured_media_url":"https:\/\/radiocresatelital.com\/wp-content\/uploads\/2025\/09\/1-8-scaled.jpeg","jetpack_sharing_enabled":true,"_links":{"self":[{"href":"https:\/\/radiocresatelital.com\/index.php?rest_route=\/wp\/v2\/posts\/38146","targetHints":{"allow":["GET"]}}],"collection":[{"href":"https:\/\/radiocresatelital.com\/index.php?rest_route=\/wp\/v2\/posts"}],"about":[{"href":"https:\/\/radiocresatelital.com\/index.php?rest_route=\/wp\/v2\/types\/post"}],"author":[{"embeddable":true,"href":"https:\/\/radiocresatelital.com\/index.php?rest_route=\/wp\/v2\/users\/2"}],"replies":[{"embeddable":true,"href":"https:\/\/radiocresatelital.com\/index.php?rest_route=%2Fwp%2Fv2%2Fcomments&post=38146"}],"version-history":[{"count":1,"href":"https:\/\/radiocresatelital.com\/index.php?rest_route=\/wp\/v2\/posts\/38146\/revisions"}],"predecessor-version":[{"id":38148,"href":"https:\/\/radiocresatelital.com\/index.php?rest_route=\/wp\/v2\/posts\/38146\/revisions\/38148"}],"wp:featuredmedia":[{"embeddable":true,"href":"https:\/\/radiocresatelital.com\/index.php?rest_route=\/wp\/v2\/media\/38147"}],"wp:attachment":[{"href":"https:\/\/radiocresatelital.com\/index.php?rest_route=%2Fwp%2Fv2%2Fmedia&parent=38146"}],"wp:term":[{"taxonomy":"category","embeddable":true,"href":"https:\/\/radiocresatelital.com\/index.php?rest_route=%2Fwp%2Fv2%2Fcategories&post=38146"},{"taxonomy":"post_tag","embeddable":true,"href":"https:\/\/radiocresatelital.com\/index.php?rest_route=%2Fwp%2Fv2%2Ftags&post=38146"}],"curies":[{"name":"wp","href":"https:\/\/api.w.org\/{rel}","templated":true}]}}