{"id":38140,"date":"2025-09-29T20:44:10","date_gmt":"2025-09-29T20:44:10","guid":{"rendered":"https:\/\/radiocresatelital.com\/?p=38140"},"modified":"2025-09-29T20:44:10","modified_gmt":"2025-09-29T20:44:10","slug":"la-produccion-hidroelectrica-de-ecuador-permite-la-exportacion-de-excedentes-de-energia-hacia-colombia","status":"publish","type":"post","link":"https:\/\/radiocresatelital.com\/?p=38140","title":{"rendered":"La producci\u00f3n hidroel\u00e9ctrica de Ecuador permite la exportaci\u00f3n de excedentes de energ\u00eda hacia Colombia"},"content":{"rendered":"<p>Quito.- Entre el s\u00e1bado 27 y domingo 28 de septiembre de 2025, Ecuador ha realizado exportaciones de energ\u00eda el\u00e9ctrica hacia Colombia, provenientes de sus excedentes de producci\u00f3n hidroel\u00e9ctrica, de acuerdo con los datos proporcionados por el Gobierno Nacional, a trav\u00e9s del Ministerio de Ambiente y Energ\u00eda y el Operador Nacional de Electricidad (CENACE).<\/p>\n<p>Esta exportaci\u00f3n de energ\u00eda al vecino pa\u00eds es posible gracias a los trabajos de mantenimiento realizados por parte de la Corporaci\u00f3n El\u00e9ctrica del Ecuador (CELEC EP) en la fase I de la central hidroel\u00e9ctrica Coca Codo Sinclair, lo que<br \/>\nimplic\u00f3 la recuperaci\u00f3n de 750 MW que permitieron que esta planta opere a su capacidad total de 1 500 MW y, fortaleciendo as\u00ed, la confiabilidad del Sistema Nacional Interconectado.<\/p>\n<p>Considerando el alto componente de generaci\u00f3n hidroel\u00e9ctrica de pasada del sistema de Coca Codo Sinclair, el incremento de sus caudales ha permitido reducir al m\u00ednimo el uso de generaci\u00f3n t\u00e9rmica y contar con excedentes de energ\u00eda hidr\u00e1ulica en determinados periodos de menor demanda, especialmente en madrugadas y fines de semana, otorgando un beneficio mutuo para ambas naciones a trav\u00e9s de las exportaciones de electricidad.<\/p>\n<p>Durante este fin de semana, el sistema ecuatoriano ha sostenido exportaciones hacia Colombia; el s\u00e1bado 27 de septiembre de 2025, Ecuador export\u00f3 un total de 3 961 MWh a un precio de 3.9 centavos por kilovatio\/hora, mientras que el domingo 28 de septiembre, la exportaci\u00f3n de excedentes de energ\u00eda increment\u00f3 en 7 186 MWh, con un costo de 4.8 centavos por kilovatio\/hora.<\/p>\n<p>De mantenerse estas condiciones hidrol\u00f3gicas, la exportaci\u00f3n de excedentes podr\u00eda prolongarse hasta la madrugada del lunes 29 de septiembre de 2025, antes del incremento de la demanda interna de Ecuador.<\/p>\n<p>A trav\u00e9s de estas gestiones, el Gobierno de El Nuevo Ecuador garantiza la eficiencia de la infraestructura energ\u00e9tica de nuestro pa\u00eds, adem\u00e1s de reforzar su seguridad energ\u00e9tica en beneficio de la ciudadan\u00eda.<\/p>\n","protected":false},"excerpt":{"rendered":"<p>Quito.- Entre el s\u00e1bado 27 y domingo 28 de septiembre de 2025, Ecuador ha realizado exportaciones de energ\u00eda el\u00e9ctrica hacia Colombia, provenientes de sus excedentes de producci\u00f3n hidroel\u00e9ctrica, de acuerdo con los datos proporcionados por el Gobierno Nacional, a trav\u00e9s del Ministerio de Ambiente y Energ\u00eda y el Operador Nacional de Electricidad (CENACE). Esta exportaci\u00f3n [&hellip;]<\/p>\n","protected":false},"author":2,"featured_media":38141,"comment_status":"open","ping_status":"closed","sticky":false,"template":"","format":"standard","meta":{"_jetpack_memberships_contains_paid_content":false,"footnotes":""},"categories":[13],"tags":[1318],"class_list":["post-38140","post","type-post","status-publish","format-standard","has-post-thumbnail","hentry","category-noticias-nacionales","tag-cenace"],"jetpack_featured_media_url":"https:\/\/radiocresatelital.com\/wp-content\/uploads\/2025\/09\/1-2-scaled.jpg","jetpack_sharing_enabled":true,"_links":{"self":[{"href":"https:\/\/radiocresatelital.com\/index.php?rest_route=\/wp\/v2\/posts\/38140","targetHints":{"allow":["GET"]}}],"collection":[{"href":"https:\/\/radiocresatelital.com\/index.php?rest_route=\/wp\/v2\/posts"}],"about":[{"href":"https:\/\/radiocresatelital.com\/index.php?rest_route=\/wp\/v2\/types\/post"}],"author":[{"embeddable":true,"href":"https:\/\/radiocresatelital.com\/index.php?rest_route=\/wp\/v2\/users\/2"}],"replies":[{"embeddable":true,"href":"https:\/\/radiocresatelital.com\/index.php?rest_route=%2Fwp%2Fv2%2Fcomments&post=38140"}],"version-history":[{"count":1,"href":"https:\/\/radiocresatelital.com\/index.php?rest_route=\/wp\/v2\/posts\/38140\/revisions"}],"predecessor-version":[{"id":38142,"href":"https:\/\/radiocresatelital.com\/index.php?rest_route=\/wp\/v2\/posts\/38140\/revisions\/38142"}],"wp:featuredmedia":[{"embeddable":true,"href":"https:\/\/radiocresatelital.com\/index.php?rest_route=\/wp\/v2\/media\/38141"}],"wp:attachment":[{"href":"https:\/\/radiocresatelital.com\/index.php?rest_route=%2Fwp%2Fv2%2Fmedia&parent=38140"}],"wp:term":[{"taxonomy":"category","embeddable":true,"href":"https:\/\/radiocresatelital.com\/index.php?rest_route=%2Fwp%2Fv2%2Fcategories&post=38140"},{"taxonomy":"post_tag","embeddable":true,"href":"https:\/\/radiocresatelital.com\/index.php?rest_route=%2Fwp%2Fv2%2Ftags&post=38140"}],"curies":[{"name":"wp","href":"https:\/\/api.w.org\/{rel}","templated":true}]}}