{"id":38137,"date":"2025-09-29T17:37:32","date_gmt":"2025-09-29T17:37:32","guid":{"rendered":"https:\/\/radiocresatelital.com\/?p=38137"},"modified":"2025-09-29T20:39:28","modified_gmt":"2025-09-29T20:39:28","slug":"el-sector-tecnologico-motor-de-transformacion-y-competitividad-en-ecuador-citec","status":"publish","type":"post","link":"https:\/\/radiocresatelital.com\/?p=38137","title":{"rendered":"El sector tecnol\u00f3gico, motor de transformaci\u00f3n y competitividad en Ecuador: CITEC"},"content":{"rendered":"<p>Quito. \u2013 La C\u00e1mara de Innovaci\u00f3n y Tecnolog\u00eda Ecuatoriana (CITEC) reafirma su compromiso con el impulso del sector tecnol\u00f3gico como un pilar clave para la competitividad y el desarrollo del pa\u00eds. Con m\u00e1s de 280 empresas nacionales e internacionales afiliadas y m\u00e1s de 100 aliados estrat\u00e9gicos, CITEC representa al ecosistema de innovaci\u00f3n que ya est\u00e1 transformando la econom\u00eda ecuatoriana.<\/p>\n<p><strong>Tendencias y oportunidades del sector tecnol\u00f3gico<\/strong><\/p>\n<p>CITEC destaca las \u00e1reas con mayor proyecci\u00f3n en el pa\u00eds hacia 2030:<\/p>\n<ul>\n<li><strong>Inteligencia Artificial (IA):<\/strong> el 40% de las empresas ecuatorianas ya han implementado soluciones de IA, especialmente en telecomunicaciones, salud, retail y servicios financieros. Adem\u00e1s, el <strong>36% de los ecuatorianos<\/strong> ya utiliza IA en su trabajo diario.<\/li>\n<li><strong>E-Commerce:<\/strong> en 2024 se registraron m\u00e1s de <strong>465 millones de transacciones digitales<\/strong>, de las cuales <strong>81,1 millones correspondieron al comercio electr\u00f3nico<\/strong>. El mercado alcanz\u00f3 los <strong>USD 5.500 millones<\/strong> y se proyecta en <strong>USD 6.500 millones para finales de 2025<\/strong>.<\/li>\n<li><strong>Cloud Computing:<\/strong> el 60% de las empresas del pa\u00eds ya migr\u00f3 parte de sus operaciones a la nube, y se prev\u00e9 un crecimiento del 40% adicional para 2025.<\/li>\n<li><strong>Ciberseguridad:<\/strong> Ecuador registr\u00f3 un incremento del <strong>4,9% en ciberataques en 2024<\/strong>, lo que refuerza la urgencia de pol\u00edticas y soluciones robustas en seguridad digital.<\/li>\n<li><strong>Agrotech:<\/strong> en provincias como Los R\u00edos, Manab\u00ed y Carchi, el riego automatizado con sensores increment\u00f3 en <strong>20% el rendimiento agr\u00edcola<\/strong>, evidenciando el potencial de la tecnolog\u00eda en el agro.<\/li>\n<\/ul>\n<p><strong>Ejes de acci\u00f3n de CITEC<\/strong><\/p>\n<p>CITEC articula sus esfuerzos en seis frentes estrat\u00e9gicos:<\/p>\n<ul>\n<li><strong>Marco regulatorio:<\/strong> participaci\u00f3n en la construcci\u00f3n de la Ley de Transformaci\u00f3n Digital, Ley Fintech, pol\u00edticas de ciberseguridad y protecci\u00f3n de datos.<\/li>\n<li><strong>Talento humano:<\/strong> capacitaci\u00f3n de m\u00e1s de <strong>500 personas por a\u00f1o<\/strong> en competencias digitales, en alianza con el Ministerio de Educaci\u00f3n, Senescyt y la academia.<\/li>\n<li><strong>Data:<\/strong> desarrollo del Primer Estudio Sectorial de la Industria de Servicios y reportes anuales con benchmarks y salarios.<\/li>\n<li><strong>Comunicaci\u00f3n y eventos:<\/strong> m\u00e1s de <strong>200 eventos<\/strong> anuales apoyados o coorganizados con socios y aliados.<\/li>\n<li><strong>Internacionalizaci\u00f3n:<\/strong> presencia en <strong>11 pa\u00edses<\/strong> y <strong>23 alianzas internacionales<\/strong> que fortalecen la proyecci\u00f3n global del sector.<\/li>\n<li><strong>Proyectos sociales:<\/strong> programas de digitalizaci\u00f3n de mipymes, empleabilidad de personas en situaci\u00f3n de vulnerabilidad y consolidaci\u00f3n del ecosistema tecnol\u00f3gico.<\/li>\n<\/ul>\n","protected":false},"excerpt":{"rendered":"<p>Quito. \u2013 La C\u00e1mara de Innovaci\u00f3n y Tecnolog\u00eda Ecuatoriana (CITEC) reafirma su compromiso con el impulso del sector tecnol\u00f3gico como un pilar clave para la competitividad y el desarrollo del pa\u00eds. Con m\u00e1s de 280 empresas nacionales e internacionales afiliadas y m\u00e1s de 100 aliados estrat\u00e9gicos, CITEC representa al ecosistema de innovaci\u00f3n que ya est\u00e1 [&hellip;]<\/p>\n","protected":false},"author":2,"featured_media":38138,"comment_status":"open","ping_status":"closed","sticky":false,"template":"","format":"standard","meta":{"_jetpack_memberships_contains_paid_content":false,"footnotes":""},"categories":[122],"tags":[6032],"class_list":["post-38137","post","type-post","status-publish","format-standard","has-post-thumbnail","hentry","category-tecnologia","tag-camara-de-innovacion-y-tecnologia-ecuatoriana"],"jetpack_featured_media_url":"https:\/\/radiocresatelital.com\/wp-content\/uploads\/2025\/09\/WhatsApp-Image-2025-09-26-at-16.58.56.jpeg","jetpack_sharing_enabled":true,"_links":{"self":[{"href":"https:\/\/radiocresatelital.com\/index.php?rest_route=\/wp\/v2\/posts\/38137","targetHints":{"allow":["GET"]}}],"collection":[{"href":"https:\/\/radiocresatelital.com\/index.php?rest_route=\/wp\/v2\/posts"}],"about":[{"href":"https:\/\/radiocresatelital.com\/index.php?rest_route=\/wp\/v2\/types\/post"}],"author":[{"embeddable":true,"href":"https:\/\/radiocresatelital.com\/index.php?rest_route=\/wp\/v2\/users\/2"}],"replies":[{"embeddable":true,"href":"https:\/\/radiocresatelital.com\/index.php?rest_route=%2Fwp%2Fv2%2Fcomments&post=38137"}],"version-history":[{"count":1,"href":"https:\/\/radiocresatelital.com\/index.php?rest_route=\/wp\/v2\/posts\/38137\/revisions"}],"predecessor-version":[{"id":38139,"href":"https:\/\/radiocresatelital.com\/index.php?rest_route=\/wp\/v2\/posts\/38137\/revisions\/38139"}],"wp:featuredmedia":[{"embeddable":true,"href":"https:\/\/radiocresatelital.com\/index.php?rest_route=\/wp\/v2\/media\/38138"}],"wp:attachment":[{"href":"https:\/\/radiocresatelital.com\/index.php?rest_route=%2Fwp%2Fv2%2Fmedia&parent=38137"}],"wp:term":[{"taxonomy":"category","embeddable":true,"href":"https:\/\/radiocresatelital.com\/index.php?rest_route=%2Fwp%2Fv2%2Fcategories&post=38137"},{"taxonomy":"post_tag","embeddable":true,"href":"https:\/\/radiocresatelital.com\/index.php?rest_route=%2Fwp%2Fv2%2Ftags&post=38137"}],"curies":[{"name":"wp","href":"https:\/\/api.w.org\/{rel}","templated":true}]}}