{"id":38131,"date":"2025-09-29T20:33:34","date_gmt":"2025-09-29T20:33:34","guid":{"rendered":"https:\/\/radiocresatelital.com\/?p=38131"},"modified":"2025-09-29T20:33:34","modified_gmt":"2025-09-29T20:33:34","slug":"imbabura-provincia-con-altos-indices-de-contrabando-y-mineria-ilegal-disminuye-su-consume-de-diesel-en-25","status":"publish","type":"post","link":"https:\/\/radiocresatelital.com\/?p=38131","title":{"rendered":"Imbabura, provincia con altos \u00edndices de contrabando y miner\u00eda ilegal, disminuye su consume de di\u00e9sel en 25 %"},"content":{"rendered":"<p>Ibarra.- Tras la decisi\u00f3n del Presidente Daniel Noboa de eliminar el subsidio al di\u00e9sel, el consumo en la provincia de Imbabura, una de las zonas con mayor presencia de miner\u00eda ilegal y donde se concentran las protestas que exigen el regreso del subsidio, cay\u00f3 en -25,1 %.<\/p>\n<p>Al comparar semanas antes y despu\u00e9s de la medida en esta provincia, los despachos pasaron de 1.347.442 a 1.092.749 galones. En promedio diario, la disminuci\u00f3n fue de 112.287 a 84.058 galones.<\/p>\n<p>Adem\u00e1s, las cifras oficiales verifican que el consumo en Imbabura superaba los cupos autorizados. Las estaciones de servicio ubicadas en corredores estrat\u00e9gicos como la Panamericana Norte, la E-35 y la E-10, ten\u00edan permitido entregar hasta 1,74 millones de galones por estaci\u00f3n; sin embargo, el consumo real alcanz\u00f3 1,91 millones.<\/p>\n<p>En esta zona, el sector productivo \u2014que requiere del di\u00e9sel para mantener sus operaciones en transporte, agricultura e industria \u2014 no se ha detenido y contin\u00faa con su consumo regular. Es as\u00ed que se evidencia un desv\u00edo sistem\u00e1tico de di\u00e9sel hacia redes clandestinas, que ahora han perdido rentabilidad en el Ecuador, pues el precio del combustible se aproxima al de Colombia.<\/p>\n<p>Asimismo, explica la intensidad de las manifestaciones en zonas hist\u00f3ricamente vinculadas al contrabando y miner\u00eda ilegal.<\/p>\n<p>Por ejemplo, en localidades como Buenos Aires, Alto Tambo, Chical, El Cielito o El Pablo, donde la ciudadan\u00eda reconoce la presencia de grupos delictivos dedicados a la extracci\u00f3n ilegal de recursos, el di\u00e9sel subsidiado era el insumo clave para operar maquinaria pesada, bombas de agua y generadores el\u00e9ctricos.<\/p>\n<p>La reducci\u00f3n del consumo demuestra que estas operaciones han perdido una de sus principales fuentes de abastecimiento, limitando de manera directa su capacidad de acci\u00f3n.<\/p>\n<p>A partir de esta evidencia, el Gobierno Nacional subraya que la decisi\u00f3n del presidente Noboa representa un quiebre en la relaci\u00f3n entre subsidios y actividades il\u00edcitas. Durante d\u00e9cadas, el Estado financi\u00f3 de manera indirecta estructuras que se beneficiaban de recursos p\u00fablicos para sostener operaciones de contrabando, miner\u00eda ilegal y narcotr\u00e1fico. Hoy, se pone fin a esa distorsi\u00f3n econ\u00f3mica y se garantiza que los fondos se orienten a programas sociales y productivos que benefician a los ecuatorianos de forma leg\u00edtima.<\/p>\n","protected":false},"excerpt":{"rendered":"<p>Ibarra.- Tras la decisi\u00f3n del Presidente Daniel Noboa de eliminar el subsidio al di\u00e9sel, el consumo en la provincia de Imbabura, una de las zonas con mayor presencia de miner\u00eda ilegal y donde se concentran las protestas que exigen el regreso del subsidio, cay\u00f3 en -25,1 %. Al comparar semanas antes y despu\u00e9s de la [&hellip;]<\/p>\n","protected":false},"author":2,"featured_media":38132,"comment_status":"open","ping_status":"closed","sticky":false,"template":"","format":"standard","meta":{"_jetpack_memberships_contains_paid_content":false,"footnotes":""},"categories":[13],"tags":[1322],"class_list":["post-38131","post","type-post","status-publish","format-standard","has-post-thumbnail","hentry","category-noticias-nacionales","tag-presidente-daniel-noboa"],"jetpack_featured_media_url":"https:\/\/radiocresatelital.com\/wp-content\/uploads\/2025\/09\/14-10.jpg","jetpack_sharing_enabled":true,"_links":{"self":[{"href":"https:\/\/radiocresatelital.com\/index.php?rest_route=\/wp\/v2\/posts\/38131","targetHints":{"allow":["GET"]}}],"collection":[{"href":"https:\/\/radiocresatelital.com\/index.php?rest_route=\/wp\/v2\/posts"}],"about":[{"href":"https:\/\/radiocresatelital.com\/index.php?rest_route=\/wp\/v2\/types\/post"}],"author":[{"embeddable":true,"href":"https:\/\/radiocresatelital.com\/index.php?rest_route=\/wp\/v2\/users\/2"}],"replies":[{"embeddable":true,"href":"https:\/\/radiocresatelital.com\/index.php?rest_route=%2Fwp%2Fv2%2Fcomments&post=38131"}],"version-history":[{"count":1,"href":"https:\/\/radiocresatelital.com\/index.php?rest_route=\/wp\/v2\/posts\/38131\/revisions"}],"predecessor-version":[{"id":38133,"href":"https:\/\/radiocresatelital.com\/index.php?rest_route=\/wp\/v2\/posts\/38131\/revisions\/38133"}],"wp:featuredmedia":[{"embeddable":true,"href":"https:\/\/radiocresatelital.com\/index.php?rest_route=\/wp\/v2\/media\/38132"}],"wp:attachment":[{"href":"https:\/\/radiocresatelital.com\/index.php?rest_route=%2Fwp%2Fv2%2Fmedia&parent=38131"}],"wp:term":[{"taxonomy":"category","embeddable":true,"href":"https:\/\/radiocresatelital.com\/index.php?rest_route=%2Fwp%2Fv2%2Fcategories&post=38131"},{"taxonomy":"post_tag","embeddable":true,"href":"https:\/\/radiocresatelital.com\/index.php?rest_route=%2Fwp%2Fv2%2Ftags&post=38131"}],"curies":[{"name":"wp","href":"https:\/\/api.w.org\/{rel}","templated":true}]}}