{"id":38129,"date":"2025-09-29T19:48:09","date_gmt":"2025-09-29T19:48:09","guid":{"rendered":"https:\/\/radiocresatelital.com\/?p=38129"},"modified":"2025-09-29T19:48:09","modified_gmt":"2025-09-29T19:48:09","slug":"grupos-violentos-atacaron-convoy-liderado-por-el-presidente-daniel-noboa-y-delegados-de-organismos-internacionales-que-llevaba-alimentos-a-imbabura","status":"publish","type":"post","link":"https:\/\/radiocresatelital.com\/?p=38129","title":{"rendered":"Grupos violentos atacaron convoy liderado por el Presidente Daniel Noboa y delegados de organismos internacionales que llevaba alimentos a Imbabura"},"content":{"rendered":"<p>Ibarra.- Durante la noche de este 28 de septiembre, el Presidente Daniel Noboa, junto a una comitiva de alto nivel de autoridades nacionales y de organismos internacionales, lider\u00f3 el despliegue de un convoy humanitario que trasladaba alimentos, productos de primera necesidad y combustible a la poblaci\u00f3n afectada por las protestas en Imbabura. Esta caravana humanitaria fue objeto de ataques criminales ejecutados por grupos violentos<br \/>\ninfiltrados.<\/p>\n<p>El convoy cont\u00f3 con el acompa\u00f1amiento de los ministros del Interior, Defensa y Gobierno: Giancarlo Loffredo, John Reimberg y Zaida Rovira, respectivamente; as\u00ed como del nuncio apost\u00f3lico, Andr\u00e9s Carrascosa; la embajadora de la Uni\u00f3n Europea, Jekaterina Dor\u00f3dnova; la coordinadora residente de la ONU en Ecuador, Laura Melo; y el embajador de Italia, Giovanni Davoli.<\/p>\n<p>Precisamente, el embajador de Italia coment\u00f3 que el traslado, de 120 kil\u00f3metros, fue complicado y tom\u00f3 alrededor de seis horas y media debido a los bloqueos. \u201cEs muy preocupante. Hay mucho maltrato, hay mucho vandalismo y pensamos en todas las personas sencillas que sufren por eso; porque no pueden trabajar y llevar sus negocios adelante. Como embajadores pensamos que las protestas son leg\u00edtimas, pero tiene que ser en el marco de la ley y sin violencia\u201d.<\/p>\n<p>De su lado, la embajadora Dor\u00f3dnova, de la Uni\u00f3n Europea, lament\u00f3 que el esfuerzo que est\u00e1 haciendo el Gobierno Nacional para abastecer a la provincia de Imbabura con todo lo necesario se vea obstruido por la violencia.<\/p>\n<p>\u201cRecibimos algunos golpes y piedras contra el auto. Hemos visto bloqueos y troncos de los \u00e1rboles. Consideramos que todos tienen derecho a manifestarse, pero pac\u00edficamente\u201d, expres\u00f3. A ello, la diplom\u00e1tica agreg\u00f3: \u201crechazamos todo tipo de violencia y lamentamos que varios militares hayan sido heridos y secuestrados. Me gustar\u00eda hacer un llamado para su liberaci\u00f3n inmediata\u201d.<\/p>\n<p>En ese sentido, el Gobierno Nacional reitera su rechazo a estas acciones que, lejos de representar la defensa de derechos, son actos de terrorismo alejados de los principios de respeto y convivencia democr\u00e1tica.<\/p>\n<p>La seguridad y la vida de los ecuatorianos son prioridad del Estado. Por ello, se condena categ\u00f3ricamente estos ataques, as\u00ed como las retenciones de servidores p\u00fablicos y la destrucci\u00f3n de bienes p\u00fablicos y privados. Estos no son actos de protesta: son cr\u00edmenes que buscan dividir y enfrentar al pueblo ecuatoriano.<\/p>\n","protected":false},"excerpt":{"rendered":"<p>Ibarra.- Durante la noche de este 28 de septiembre, el Presidente Daniel Noboa, junto a una comitiva de alto nivel de autoridades nacionales y de organismos internacionales, lider\u00f3 el despliegue de un convoy humanitario que trasladaba alimentos, productos de primera necesidad y combustible a la poblaci\u00f3n afectada por las protestas en Imbabura. Esta caravana humanitaria [&hellip;]<\/p>\n","protected":false},"author":2,"featured_media":12478,"comment_status":"open","ping_status":"closed","sticky":false,"template":"","format":"standard","meta":{"_jetpack_memberships_contains_paid_content":false,"footnotes":""},"categories":[13],"tags":[1322],"class_list":["post-38129","post","type-post","status-publish","format-standard","has-post-thumbnail","hentry","category-noticias-nacionales","tag-presidente-daniel-noboa"],"jetpack_featured_media_url":"https:\/\/radiocresatelital.com\/wp-content\/uploads\/2024\/03\/presidente-de-ecuador-daniel-noboa-15532.jpg","jetpack_sharing_enabled":true,"_links":{"self":[{"href":"https:\/\/radiocresatelital.com\/index.php?rest_route=\/wp\/v2\/posts\/38129","targetHints":{"allow":["GET"]}}],"collection":[{"href":"https:\/\/radiocresatelital.com\/index.php?rest_route=\/wp\/v2\/posts"}],"about":[{"href":"https:\/\/radiocresatelital.com\/index.php?rest_route=\/wp\/v2\/types\/post"}],"author":[{"embeddable":true,"href":"https:\/\/radiocresatelital.com\/index.php?rest_route=\/wp\/v2\/users\/2"}],"replies":[{"embeddable":true,"href":"https:\/\/radiocresatelital.com\/index.php?rest_route=%2Fwp%2Fv2%2Fcomments&post=38129"}],"version-history":[{"count":1,"href":"https:\/\/radiocresatelital.com\/index.php?rest_route=\/wp\/v2\/posts\/38129\/revisions"}],"predecessor-version":[{"id":38130,"href":"https:\/\/radiocresatelital.com\/index.php?rest_route=\/wp\/v2\/posts\/38129\/revisions\/38130"}],"wp:featuredmedia":[{"embeddable":true,"href":"https:\/\/radiocresatelital.com\/index.php?rest_route=\/wp\/v2\/media\/12478"}],"wp:attachment":[{"href":"https:\/\/radiocresatelital.com\/index.php?rest_route=%2Fwp%2Fv2%2Fmedia&parent=38129"}],"wp:term":[{"taxonomy":"category","embeddable":true,"href":"https:\/\/radiocresatelital.com\/index.php?rest_route=%2Fwp%2Fv2%2Fcategories&post=38129"},{"taxonomy":"post_tag","embeddable":true,"href":"https:\/\/radiocresatelital.com\/index.php?rest_route=%2Fwp%2Fv2%2Ftags&post=38129"}],"curies":[{"name":"wp","href":"https:\/\/api.w.org\/{rel}","templated":true}]}}