{"id":38080,"date":"2025-09-26T22:54:43","date_gmt":"2025-09-26T22:54:43","guid":{"rendered":"https:\/\/radiocresatelital.com\/?p=38080"},"modified":"2025-09-26T22:54:52","modified_gmt":"2025-09-26T22:54:52","slug":"concejo-municipal-da-un-paso-historico-en-la-proteccion-de-poblacion-vulnerable","status":"publish","type":"post","link":"https:\/\/radiocresatelital.com\/?p=38080","title":{"rendered":"Concejo Municipal da un paso hist\u00f3rico en la protecci\u00f3n de poblaci\u00f3n vulnerable"},"content":{"rendered":"<p>Guayaquil.- La protecci\u00f3n integral de derechos en Guayaquil da un paso decisivo con la creaci\u00f3n de dos nuevas Juntas Cantonales de Protecci\u00f3n Integral de Derechos, aprobadas en sesi\u00f3n extraordinaria del Concejo Municipal liderada por la vicealcaldesa Tatiana Coronel.<\/p>\n<p>La iniciativa se concret\u00f3 mediante una adenda modificatoria al convenio de cooperaci\u00f3n y transferencia no reembolsable entre el Municipio y el Consejo Cantonal de Protecci\u00f3n Integral de Derechos. Esta decisi\u00f3n permitir\u00e1 ampliar la cobertura de servicios sociales y optimizar su gesti\u00f3n, garantizando atenci\u00f3n m\u00e1s eficiente y cercana a la poblaci\u00f3n vulnerable.<\/p>\n<p>Una de las Juntas funcionar\u00e1 temporalmente en la Casa Guayaca, en la ciudadela Atarazana, mientras que la otra se ubicar\u00e1 en el Centro de Atenci\u00f3n Municipal Integral (CAMI), en las calles 29 y Oriente. Estos espacios contar\u00e1n con equipos de abogados y psic\u00f3logos especializados para atender a ni\u00f1os, mujeres, adultos mayores y personas con discapacidad, asegurando medidas de protecci\u00f3n inmediatas frente a cualquier vulneraci\u00f3n de derechos.<\/p>\n<p>La concejala Emily Vera destac\u00f3 la importancia de esta decisi\u00f3n, recordando los resultados alcanzados por la \u00fanica Junta existente en la ciudad: \u201cNuestra \u00fanica Junta Cantonal ha demostrado que es posible, m\u00e1s de 8.000 medidas de protecci\u00f3n emitidas, miles de familias atenidas y un salto de 2023 con 1.900 atenciones hasta septiembre de 2025 con m\u00e1s de 4.000 atenciones\u201d.<\/p>\n<p>En la misma l\u00ednea, el concejal Arturo Escala afirm\u00f3 que la iniciativa \u201cayudar\u00e1 a palear bastante los \u00edndices de violencia que tenemos contra las mujeres, contra los menores\u201d.<\/p>\n<p>La Vicealcaldesa resalt\u00f3 el significado de este avance, ya que \u201chan transcurrido 10 a\u00f1os desde que se conform\u00f3 el Consejo de Protecci\u00f3n de Derechos con una sola Junta, hoy, despu\u00e9s de 10 a\u00f1os, se decide finalmente crear dos Juntas\u201d.<\/p>\n<p>Con este paso, la Alcald\u00eda no solo refuerza la atenci\u00f3n a los grupos m\u00e1s vulnerables, sino que fortalece la capacidad institucional para enfrentar de manera integral las problem\u00e1ticas sociales y consolidar el tejido social en Guayaquil.<\/p>\n","protected":false},"excerpt":{"rendered":"<p>Guayaquil.- La protecci\u00f3n integral de derechos en Guayaquil da un paso decisivo con la creaci\u00f3n de dos nuevas Juntas Cantonales de Protecci\u00f3n Integral de Derechos, aprobadas en sesi\u00f3n extraordinaria del Concejo Municipal liderada por la vicealcaldesa Tatiana Coronel. La iniciativa se concret\u00f3 mediante una adenda modificatoria al convenio de cooperaci\u00f3n y transferencia no reembolsable entre [&hellip;]<\/p>\n","protected":false},"author":2,"featured_media":38081,"comment_status":"open","ping_status":"closed","sticky":false,"template":"","format":"standard","meta":{"_jetpack_memberships_contains_paid_content":false,"footnotes":""},"categories":[13],"tags":[2157,6026],"class_list":["post-38080","post","type-post","status-publish","format-standard","has-post-thumbnail","hentry","category-noticias-nacionales","tag-concejo-municipal","tag-juntas-cantonales-de-proteccion-integral-de-derechos"],"jetpack_featured_media_url":"https:\/\/radiocresatelital.com\/wp-content\/uploads\/2025\/09\/01-6-scaled.jpeg","jetpack_sharing_enabled":true,"_links":{"self":[{"href":"https:\/\/radiocresatelital.com\/index.php?rest_route=\/wp\/v2\/posts\/38080","targetHints":{"allow":["GET"]}}],"collection":[{"href":"https:\/\/radiocresatelital.com\/index.php?rest_route=\/wp\/v2\/posts"}],"about":[{"href":"https:\/\/radiocresatelital.com\/index.php?rest_route=\/wp\/v2\/types\/post"}],"author":[{"embeddable":true,"href":"https:\/\/radiocresatelital.com\/index.php?rest_route=\/wp\/v2\/users\/2"}],"replies":[{"embeddable":true,"href":"https:\/\/radiocresatelital.com\/index.php?rest_route=%2Fwp%2Fv2%2Fcomments&post=38080"}],"version-history":[{"count":1,"href":"https:\/\/radiocresatelital.com\/index.php?rest_route=\/wp\/v2\/posts\/38080\/revisions"}],"predecessor-version":[{"id":38082,"href":"https:\/\/radiocresatelital.com\/index.php?rest_route=\/wp\/v2\/posts\/38080\/revisions\/38082"}],"wp:featuredmedia":[{"embeddable":true,"href":"https:\/\/radiocresatelital.com\/index.php?rest_route=\/wp\/v2\/media\/38081"}],"wp:attachment":[{"href":"https:\/\/radiocresatelital.com\/index.php?rest_route=%2Fwp%2Fv2%2Fmedia&parent=38080"}],"wp:term":[{"taxonomy":"category","embeddable":true,"href":"https:\/\/radiocresatelital.com\/index.php?rest_route=%2Fwp%2Fv2%2Fcategories&post=38080"},{"taxonomy":"post_tag","embeddable":true,"href":"https:\/\/radiocresatelital.com\/index.php?rest_route=%2Fwp%2Fv2%2Ftags&post=38080"}],"curies":[{"name":"wp","href":"https:\/\/api.w.org\/{rel}","templated":true}]}}