{"id":38036,"date":"2025-09-26T20:08:17","date_gmt":"2025-09-26T20:08:17","guid":{"rendered":"https:\/\/radiocresatelital.com\/?p=38036"},"modified":"2025-09-26T20:08:28","modified_gmt":"2025-09-26T20:08:28","slug":"hemos-conversado-con-el-y-si-aceptaria-y-seria-el-mejor-ministro-del-deporte-evelyn-matthei","status":"publish","type":"post","link":"https:\/\/radiocresatelital.com\/?p=38036","title":{"rendered":"Hemos conversado con \u00e9l y s\u00ed, aceptar\u00eda y ser\u00eda el mejor ministro del Deporte, Evelyn Matthei"},"content":{"rendered":"<p>Santiago.- Evelyn Matthei actual candidata a la Presidencia de Chile le ha ofrecido el cargo para ser el pr\u00f3ximo Ministro del Deportes al ex arquero de la selecci\u00f3n nacional Claudio Bravo si triunfa en las elecciones presidenciales que se celebrar\u00e1n en Chile el 16 de noviembre.<\/p>\n<p>\u00abHemos conversado con \u00e9l y s\u00ed, aceptar\u00eda y ser\u00eda el mejor ministro del Deporte\u00bb, coment\u00f3 la postulante por la coalici\u00f3n \u00abChile Vamos\u00bb, que cuenta con el 19 por ciento de las preferencias, seg\u00fan una encuesta de Black &amp; White dada a conocer hoy y que la ubica por detr\u00e1s de la oficialista Jeannette Jara y del republicano Jos\u00e9 Antonio Kast, quienes encabezan los sondeos con el 30 y el 26 por ciento, respectivamente.<\/p>\n<p id=\"ob\">Matthei ya hab\u00eda manifestado su inter\u00e9s en contar con el apoyo del recientemente retirado arquero de la denominada \u00abGeneraci\u00f3n Dorada\u00bb del f\u00fatbol chileno que conquist\u00f3 la Copa Am\u00e9rica como anfitriona del torneo en 2015 y repiti\u00f3 halago un a\u00f1o despu\u00e9s en la edici\u00f3n centenaria que se celebr\u00f3 en Estados Unidos.<\/p>\n<p><img decoding=\"async\" class=\"aligncenter\" src=\"https:\/\/image-service.onefootball.com\/transform?w=280&amp;h=210&amp;dpr=2&amp;image=https%3A%2F%2Fstudiofutbol.com.ec%2Fwp-content%2Fuploads%2F2024%2F06%2FGQoy0EHXMAAmeiF.jpeg\" alt=\"Copa Am\u00e9rica: Claudio Bravo rompi\u00f3 dos r\u00e9cords ante Per\u00fa | OneFootball\" \/><\/p>\n<p>Claudio Bravo, de 42 a\u00f1os, con pasado en Barcelona, Betis y Manchester City, no ser\u00eda el \u00fanico Bravo en la lista de la ex alcaldesa, ministra y parlamentaria chilena, que durante una entrevista en vivo en el programa \u00abCandidato lleg\u00f3 tu hora\u00bb del canal p\u00fablico TVN afirm\u00f3: \u00abEstoy conversando con Roberto Bravo\u00bb, dijo, al aludir al destacado pianista nacional, aunque precis\u00f3 que le ofreci\u00f3 un ministerio, sino ser asesor en materias culturales en su eventual gobierno.<\/p>\n<p>Matthei explic\u00f3 que se trata de una estrategia dirigida a los ni\u00f1os y j\u00f3venes, ya que \u00abrara vez hablamos de c\u00f3mo est\u00e1n creciendo los ni\u00f1os en Chile y si nosotros tenemos personas que inspiren en deporte, f\u00fatbol, m\u00fasica, ajedrez\u2026\u00bb.<\/p>\n<p>La candidata se\u00f1al\u00f3 que ese fue el camino tomado por Colombia en la lucha contra la utilizaci\u00f3n de menores en el narcotr\u00e1fico: \u00abYo estuve en Medell\u00edn y vi que (fue) una de las mejores medidas que tomaron para que no metieran a los j\u00f3venes en el narcotr\u00e1fico\u00bb, indic\u00f3.<\/p>\n","protected":false},"excerpt":{"rendered":"<p>Santiago.- Evelyn Matthei actual candidata a la Presidencia de Chile le ha ofrecido el cargo para ser el pr\u00f3ximo Ministro del Deportes al ex arquero de la selecci\u00f3n nacional Claudio Bravo si triunfa en las elecciones presidenciales que se celebrar\u00e1n en Chile el 16 de noviembre. \u00abHemos conversado con \u00e9l y s\u00ed, aceptar\u00eda y ser\u00eda [&hellip;]<\/p>\n","protected":false},"author":2,"featured_media":38037,"comment_status":"open","ping_status":"closed","sticky":false,"template":"","format":"standard","meta":{"_jetpack_memberships_contains_paid_content":false,"footnotes":""},"categories":[9,11],"tags":[6018,6017],"class_list":["post-38036","post","type-post","status-publish","format-standard","has-post-thumbnail","hentry","category-deportes","category-noticias-internacionales","tag-claudio-bravo","tag-evelyn-matthei"],"jetpack_featured_media_url":"https:\/\/radiocresatelital.com\/wp-content\/uploads\/2025\/09\/bravo.jpg","jetpack_sharing_enabled":true,"_links":{"self":[{"href":"https:\/\/radiocresatelital.com\/index.php?rest_route=\/wp\/v2\/posts\/38036","targetHints":{"allow":["GET"]}}],"collection":[{"href":"https:\/\/radiocresatelital.com\/index.php?rest_route=\/wp\/v2\/posts"}],"about":[{"href":"https:\/\/radiocresatelital.com\/index.php?rest_route=\/wp\/v2\/types\/post"}],"author":[{"embeddable":true,"href":"https:\/\/radiocresatelital.com\/index.php?rest_route=\/wp\/v2\/users\/2"}],"replies":[{"embeddable":true,"href":"https:\/\/radiocresatelital.com\/index.php?rest_route=%2Fwp%2Fv2%2Fcomments&post=38036"}],"version-history":[{"count":1,"href":"https:\/\/radiocresatelital.com\/index.php?rest_route=\/wp\/v2\/posts\/38036\/revisions"}],"predecessor-version":[{"id":38038,"href":"https:\/\/radiocresatelital.com\/index.php?rest_route=\/wp\/v2\/posts\/38036\/revisions\/38038"}],"wp:featuredmedia":[{"embeddable":true,"href":"https:\/\/radiocresatelital.com\/index.php?rest_route=\/wp\/v2\/media\/38037"}],"wp:attachment":[{"href":"https:\/\/radiocresatelital.com\/index.php?rest_route=%2Fwp%2Fv2%2Fmedia&parent=38036"}],"wp:term":[{"taxonomy":"category","embeddable":true,"href":"https:\/\/radiocresatelital.com\/index.php?rest_route=%2Fwp%2Fv2%2Fcategories&post=38036"},{"taxonomy":"post_tag","embeddable":true,"href":"https:\/\/radiocresatelital.com\/index.php?rest_route=%2Fwp%2Fv2%2Ftags&post=38036"}],"curies":[{"name":"wp","href":"https:\/\/api.w.org\/{rel}","templated":true}]}}