{"id":38009,"date":"2025-09-26T13:54:36","date_gmt":"2025-09-26T13:54:36","guid":{"rendered":"https:\/\/radiocresatelital.com\/?p=38009"},"modified":"2025-09-26T13:55:13","modified_gmt":"2025-09-26T13:55:13","slug":"director-de-la-roca-sufre-atentado-en-vehiculo-blindado-policia-investiga-intento-de-asesinato","status":"publish","type":"post","link":"https:\/\/radiocresatelital.com\/?p=38009","title":{"rendered":"Director de La Roca sufre atentado en veh\u00edculo blindado: Polic\u00eda investiga intento de asesinato"},"content":{"rendered":"<p>Guayaquil.- Intento de asesinato se investiga el ataque armado que recibi\u00f3 el director de la c\u00e1rcel La Roca en la v\u00eda a Daule, norte de Guayaquil.<br \/>\nEste hecho se registr\u00f3 a las 17:30 del pasado mi\u00e9rcoles, 25 de septiembre, cuando el director se movilizaba con su conductor desde el Complejo Carcelario hasta el Terminal Terrestre de Guayaquil.<\/p>\n<p>Seg\u00fan versiones de los afectados, dos sujetos en moto los ven\u00edan siguiendo hasta que a la altura del intercambiador de tr\u00e1fico de la v\u00eda a Daule, los interceptan y empiezan a disparar al veh\u00edculo.<\/p>\n<p>Entre los indicios constan 11 impactos de proyectil de arma de calibre 9mm y una bala deformada.<\/p>\n<p>Adem\u00e1s del veh\u00edculo con varios orificios producto del ataque. Este ser\u00e1 trasladado hasta la unidad de Criminal\u00edstica para realizar una inspecci\u00f3n m\u00e1s minuciosa.<\/p>\n<p>El director de este centro penitenciario result\u00f3 ileso a este ataque junto a su conductor. Ambos mantuvieron reuniones con personal de la Polic\u00eda Nacional luego de este ataque para las respectivas investigaciones y medidas de contingencia<\/p>\n","protected":false},"excerpt":{"rendered":"<p>Guayaquil.- Intento de asesinato se investiga el ataque armado que recibi\u00f3 el director de la c\u00e1rcel La Roca en la v\u00eda a Daule, norte de Guayaquil. Este hecho se registr\u00f3 a las 17:30 del pasado mi\u00e9rcoles, 25 de septiembre, cuando el director se movilizaba con su conductor desde el Complejo Carcelario hasta el Terminal Terrestre [&hellip;]<\/p>\n","protected":false},"author":3,"featured_media":38010,"comment_status":"open","ping_status":"closed","sticky":false,"template":"","format":"standard","meta":{"_jetpack_memberships_contains_paid_content":false,"footnotes":""},"categories":[13],"tags":[],"class_list":["post-38009","post","type-post","status-publish","format-standard","has-post-thumbnail","hentry","category-noticias-nacionales"],"jetpack_featured_media_url":"https:\/\/radiocresatelital.com\/wp-content\/uploads\/2025\/09\/fbf9873b-ca4e-4b29-9afb-5c58a9c140c7-5.jpg","jetpack_sharing_enabled":true,"_links":{"self":[{"href":"https:\/\/radiocresatelital.com\/index.php?rest_route=\/wp\/v2\/posts\/38009","targetHints":{"allow":["GET"]}}],"collection":[{"href":"https:\/\/radiocresatelital.com\/index.php?rest_route=\/wp\/v2\/posts"}],"about":[{"href":"https:\/\/radiocresatelital.com\/index.php?rest_route=\/wp\/v2\/types\/post"}],"author":[{"embeddable":true,"href":"https:\/\/radiocresatelital.com\/index.php?rest_route=\/wp\/v2\/users\/3"}],"replies":[{"embeddable":true,"href":"https:\/\/radiocresatelital.com\/index.php?rest_route=%2Fwp%2Fv2%2Fcomments&post=38009"}],"version-history":[{"count":1,"href":"https:\/\/radiocresatelital.com\/index.php?rest_route=\/wp\/v2\/posts\/38009\/revisions"}],"predecessor-version":[{"id":38011,"href":"https:\/\/radiocresatelital.com\/index.php?rest_route=\/wp\/v2\/posts\/38009\/revisions\/38011"}],"wp:featuredmedia":[{"embeddable":true,"href":"https:\/\/radiocresatelital.com\/index.php?rest_route=\/wp\/v2\/media\/38010"}],"wp:attachment":[{"href":"https:\/\/radiocresatelital.com\/index.php?rest_route=%2Fwp%2Fv2%2Fmedia&parent=38009"}],"wp:term":[{"taxonomy":"category","embeddable":true,"href":"https:\/\/radiocresatelital.com\/index.php?rest_route=%2Fwp%2Fv2%2Fcategories&post=38009"},{"taxonomy":"post_tag","embeddable":true,"href":"https:\/\/radiocresatelital.com\/index.php?rest_route=%2Fwp%2Fv2%2Ftags&post=38009"}],"curies":[{"name":"wp","href":"https:\/\/api.w.org\/{rel}","templated":true}]}}