{"id":38001,"date":"2025-09-26T13:26:52","date_gmt":"2025-09-26T13:26:52","guid":{"rendered":"https:\/\/radiocresatelital.com\/?p=38001"},"modified":"2025-09-26T13:26:52","modified_gmt":"2025-09-26T13:26:52","slug":"accidente-de-transito-entre-una-volqueta-y-un-carro-liviano-deja-un-fallecido-en-puembo-quito","status":"publish","type":"post","link":"https:\/\/radiocresatelital.com\/?p=38001","title":{"rendered":"Accidente de tr\u00e1nsito entre una volqueta y un carro liviano deja un fallecido en Puembo, Quito"},"content":{"rendered":"<p>Quito.- Una volqueta y un veh\u00edculo liviano colisionaron en Puembo, al oriente de Quito, seg\u00fan inform\u00f3 el Cuerpo de Bomberos.\u00a0<br \/>\nDebido al fuerte impacto, una persona se qued\u00f3 atrapada en uno de los veh\u00edculos, por lo que fue necesario que el personal de socorro realice labores especiales para su liberaci\u00f3n.\u00a0<br \/>\nLos bomberos confirmaron que este siniestro vial en la parroquia Puembo dej\u00f3 un fallecido y un herido.\u00a0<\/p>\n<p>El veh\u00edculo liviano qued\u00f3 pr\u00e1cticamente destruido por la fuerza del impacto, que ocurri\u00f3 en la parte lateral y posterior.\u00a0<\/p>\n<p>Personal de tr\u00e1nsito y de la Polic\u00eda lleg\u00f3 al sitio para atender la emergencia. Las autoridades de tr\u00e1nsito iniciaron las investigaciones para esclarecer las causas del tr\u00e1gico accidente de tr\u00e1nsito.\u00a0<\/p>\n<p>Los siniestros viales se han convertido en un gran problema en Ecuador. Pichincha, Guayas, Santo Domingo de los Ts\u00e1chilas, Azuay, Loja y Tungurahua son las provincias con mayor mortalidad por esta causa, seg\u00fan un informe de la fundaci\u00f3n Tandem.<\/p>\n<p>Colaboraci\u00f3n: Xavier Vel\u00e1squez <\/p>\n","protected":false},"excerpt":{"rendered":"<p>Quito.- Una volqueta y un veh\u00edculo liviano colisionaron en Puembo, al oriente de Quito, seg\u00fan inform\u00f3 el Cuerpo de Bomberos.\u00a0 Debido al fuerte impacto, una persona se qued\u00f3 atrapada en uno de los veh\u00edculos, por lo que fue necesario que el personal de socorro realice labores especiales para su liberaci\u00f3n.\u00a0 Los bomberos confirmaron que este [&hellip;]<\/p>\n","protected":false},"author":3,"featured_media":38002,"comment_status":"open","ping_status":"closed","sticky":false,"template":"","format":"standard","meta":{"_jetpack_memberships_contains_paid_content":false,"footnotes":""},"categories":[13],"tags":[6008],"class_list":["post-38001","post","type-post","status-publish","format-standard","has-post-thumbnail","hentry","category-noticias-nacionales","tag-accidentes-de-transito-siniestros-viales-quito-bomberos-de-quito"],"jetpack_featured_media_url":"https:\/\/radiocresatelital.com\/wp-content\/uploads\/2025\/09\/WhatsApp-Image-2025-09-12-at-9.58.06-AM-2.jpeg","jetpack_sharing_enabled":true,"_links":{"self":[{"href":"https:\/\/radiocresatelital.com\/index.php?rest_route=\/wp\/v2\/posts\/38001","targetHints":{"allow":["GET"]}}],"collection":[{"href":"https:\/\/radiocresatelital.com\/index.php?rest_route=\/wp\/v2\/posts"}],"about":[{"href":"https:\/\/radiocresatelital.com\/index.php?rest_route=\/wp\/v2\/types\/post"}],"author":[{"embeddable":true,"href":"https:\/\/radiocresatelital.com\/index.php?rest_route=\/wp\/v2\/users\/3"}],"replies":[{"embeddable":true,"href":"https:\/\/radiocresatelital.com\/index.php?rest_route=%2Fwp%2Fv2%2Fcomments&post=38001"}],"version-history":[{"count":1,"href":"https:\/\/radiocresatelital.com\/index.php?rest_route=\/wp\/v2\/posts\/38001\/revisions"}],"predecessor-version":[{"id":38003,"href":"https:\/\/radiocresatelital.com\/index.php?rest_route=\/wp\/v2\/posts\/38001\/revisions\/38003"}],"wp:featuredmedia":[{"embeddable":true,"href":"https:\/\/radiocresatelital.com\/index.php?rest_route=\/wp\/v2\/media\/38002"}],"wp:attachment":[{"href":"https:\/\/radiocresatelital.com\/index.php?rest_route=%2Fwp%2Fv2%2Fmedia&parent=38001"}],"wp:term":[{"taxonomy":"category","embeddable":true,"href":"https:\/\/radiocresatelital.com\/index.php?rest_route=%2Fwp%2Fv2%2Fcategories&post=38001"},{"taxonomy":"post_tag","embeddable":true,"href":"https:\/\/radiocresatelital.com\/index.php?rest_route=%2Fwp%2Fv2%2Ftags&post=38001"}],"curies":[{"name":"wp","href":"https:\/\/api.w.org\/{rel}","templated":true}]}}