{"id":37994,"date":"2025-09-26T13:09:16","date_gmt":"2025-09-26T13:09:16","guid":{"rendered":"https:\/\/radiocresatelital.com\/?p=37994"},"modified":"2025-09-26T13:20:53","modified_gmt":"2025-09-26T13:20:53","slug":"bomberos-controlan-incendio-en-el-cerro-colorado-en-el-norte-de-guayaquil-pero-aun-hay-focos-de-calor-activos","status":"publish","type":"post","link":"https:\/\/radiocresatelital.com\/?p=37994","title":{"rendered":"Bomberos controlan incendio en el Cerro Colorado, en el norte de Guayaquil, pero a\u00fan hay focos de calor activos"},"content":{"rendered":"<p>Guayaquil.- Un incendio forestal de gran magnitud se registr\u00f3 la tarde de este 25 de septiembre de 2025 en el sector Colinas del Maestro y se extendi\u00f3 hasta el Cerro Colorado, en el norte de Guayaquil, pocas semanas despu\u00e9s de otra conflagraci\u00f3n que consumi\u00f3 vegetaci\u00f3n en este bosque tropical.<br \/>\nSeg\u00fan el sistema integrado de seguridad Ecu911, la alerta se origin\u00f3 a las 17:59 de este jueves, como una quema de maleza. Las labores para apagar el fuego se extendieron por m\u00e1s de cinco horas<br \/>\nPasadas las 23:30, el Cuerpo de Bomberos inform\u00f3 que el incendio forestal fue controlado. Sin embargo, desde la madrugada de este viernes, hay dos focos de calor en el Cerro Colorado, por lo que el personal volvi\u00f3 a trabajar.\u00a0<br \/>\nCarlos Salazar, jefe de la Divisi\u00f3n Forestal del Cuerpo de Bomberos de Guayaquil, se lament\u00f3 por la devastaci\u00f3n originada por el fuego en la flora y fauna en el centro del Cerro Colorado, al tiempo de se\u00f1alar que las viviendas de ciudadelas aleda\u00f1as no resultaron afectadas. Para la emergencia se desplazaron m\u00e1s de 120 bomberos y varios equipos.<\/p>\n<p>La Secretar\u00eda Nacional de Gesti\u00f3n de Riesgos dispuso la instalaci\u00f3n de\u00a0un puesto de mando unificado para coordinar acciones, y emiti\u00f3 varias recomendaciones a los moradores del sector, como suspender actividades al aire libre, usar mascarillas y cerrar puertas y ventanas.<\/p>\n<p>\u00abPor causas a\u00fan desconocidas se mantiene activo un incendio forestal en la zona\u00bb, remarc\u00f3 la Secretar\u00eda de Riesgos pasadas las 21:00.<\/p>\n<p>El Cerro Colorado es uno de los pocos bosques que tiene Guayaquil, junto con Cerro Blanco y Cerro Azul, en el norte de esta ciudad portuaria.<\/p>\n<p>El Cuerpo de Bomberos de Guayaquil catalog\u00f3 a este incendio como nivel 3, es decir, de gran magnitud.\u00a0\u00a0<\/p>\n<p>Al momento, 11 unidades urbano forestales, dos camiones cisterna, un veh\u00edculo de rescate, dos ambulancias y el veh\u00edculo comando de incidentes se encuentran atendiendo alarma 3 de incendio forestal en la Cdla. Colinas del Maestro, se\u00f1al\u00f3 el organismo en un primer reporte.<\/p>\n<p>Adem\u00e1s, el organismo inform\u00f3 sobre un cierre parcial en la avenida Francisco de Orellana, en el sector de la ciudadela Colinas del Maestro, donde ocurri\u00f3 esta emergencia.<\/p>\n<p>\u00abSe mantiene cierre parcial en la Fco. de Orellana (by-pass av. Narcisa de Jes\u00fas) para facilitar la circulaci\u00f3n de veh\u00edculos de respuesta y apoyo\u00bb, indic\u00f3 en redes sociales.<\/p>\n<p>Colaboraci\u00f3n: Xavier Vel\u00e1squez <\/p>\n","protected":false},"excerpt":{"rendered":"<p>Guayaquil.- Un incendio forestal de gran magnitud se registr\u00f3 la tarde de este 25 de septiembre de 2025 en el sector Colinas del Maestro y se extendi\u00f3 hasta el Cerro Colorado, en el norte de Guayaquil, pocas semanas despu\u00e9s de otra conflagraci\u00f3n que consumi\u00f3 vegetaci\u00f3n en este bosque tropical. Seg\u00fan el sistema integrado de seguridad [&hellip;]<\/p>\n","protected":false},"author":3,"featured_media":37995,"comment_status":"open","ping_status":"closed","sticky":false,"template":"","format":"standard","meta":{"_jetpack_memberships_contains_paid_content":false,"footnotes":""},"categories":[33,13],"tags":[6007],"class_list":["post-37994","post","type-post","status-publish","format-standard","has-post-thumbnail","hentry","category-guayaquil","category-noticias-nacionales","tag-incendio-forestal-guayaquil-bomberos-de-guayaquil"],"jetpack_featured_media_url":"https:\/\/radiocresatelital.com\/wp-content\/uploads\/2025\/09\/WhatsApp-Image-2025-09-12-at-9.58.06-AM-1.jpeg","jetpack_sharing_enabled":true,"_links":{"self":[{"href":"https:\/\/radiocresatelital.com\/index.php?rest_route=\/wp\/v2\/posts\/37994","targetHints":{"allow":["GET"]}}],"collection":[{"href":"https:\/\/radiocresatelital.com\/index.php?rest_route=\/wp\/v2\/posts"}],"about":[{"href":"https:\/\/radiocresatelital.com\/index.php?rest_route=\/wp\/v2\/types\/post"}],"author":[{"embeddable":true,"href":"https:\/\/radiocresatelital.com\/index.php?rest_route=\/wp\/v2\/users\/3"}],"replies":[{"embeddable":true,"href":"https:\/\/radiocresatelital.com\/index.php?rest_route=%2Fwp%2Fv2%2Fcomments&post=37994"}],"version-history":[{"count":5,"href":"https:\/\/radiocresatelital.com\/index.php?rest_route=\/wp\/v2\/posts\/37994\/revisions"}],"predecessor-version":[{"id":38000,"href":"https:\/\/radiocresatelital.com\/index.php?rest_route=\/wp\/v2\/posts\/37994\/revisions\/38000"}],"wp:featuredmedia":[{"embeddable":true,"href":"https:\/\/radiocresatelital.com\/index.php?rest_route=\/wp\/v2\/media\/37995"}],"wp:attachment":[{"href":"https:\/\/radiocresatelital.com\/index.php?rest_route=%2Fwp%2Fv2%2Fmedia&parent=37994"}],"wp:term":[{"taxonomy":"category","embeddable":true,"href":"https:\/\/radiocresatelital.com\/index.php?rest_route=%2Fwp%2Fv2%2Fcategories&post=37994"},{"taxonomy":"post_tag","embeddable":true,"href":"https:\/\/radiocresatelital.com\/index.php?rest_route=%2Fwp%2Fv2%2Ftags&post=37994"}],"curies":[{"name":"wp","href":"https:\/\/api.w.org\/{rel}","templated":true}]}}