{"id":37989,"date":"2025-09-26T00:46:27","date_gmt":"2025-09-26T00:46:27","guid":{"rendered":"https:\/\/radiocresatelital.com\/?p=37989"},"modified":"2025-09-26T00:46:27","modified_gmt":"2025-09-26T00:46:27","slug":"maria-jose-pinto-fortalece-apoyo-a-la-ninez-y-juventud-en-situacion-de-riesgo-en-ibarra","status":"publish","type":"post","link":"https:\/\/radiocresatelital.com\/?p=37989","title":{"rendered":"Mar\u00eda Jos\u00e9 Pinto, fortalece apoyo a la ni\u00f1ez y juventud en situaci\u00f3n de riesgo, en Ibarra"},"content":{"rendered":"<p class=\"s13\"><span class=\"s14\">Ibarra.- La agenda vicepresidencial en territorio contin\u00faa. En el cant\u00f3n Ibarra, la Vicepresidenta, Mar\u00eda Jos\u00e9 Pinto, realiz\u00f3 una visita t\u00e9cnica a la fundaci\u00f3n Cristo de la Calle donde constat\u00f3 el estado de la infraestructura y <\/span><span class=\"s15\">los servicios que brinda<\/span><span class=\"s14\">\u00a0este centro que acoge a 40 ni\u00f1as, ni\u00f1os y j\u00f3venes que fueron privados de su medio familiar por situaciones de riesgo o vulneraci\u00f3n de sus derechos en casos de abandono, extrav\u00edo, maltrato, abuso, explotaci\u00f3n sexual, trata de personas.<\/span><\/p>\n<p class=\"s16\"><span class=\"s14\">Durante el recorrido, la segunda mandataria escuch\u00f3 las inquietudes de los beneficiarios y del personal de la fundaci\u00f3n. Asimismo, ratific\u00f3 su compromiso de articular acciones, junto al Ministerio de Desarrollo Humano, para impulsar soluciones que fortalezcan la atenci\u00f3n y el bienestar de todos los residentes.<\/span><\/p>\n<p class=\"s13\"><span class=\"s14\">La agenda continu\u00f3 en el Centro de Desarrollo Infantil Azaya, que atiende a 60 ni\u00f1as y ni\u00f1os. La vicepresidenta, acompa\u00f1ada por el equipo t\u00e9cnico, evalu\u00f3 la infraestructura del centro, la calidad de la alimentaci\u00f3n que reciben los menores y los procedimientos aplicados por las educadoras.<\/span><\/p>\n<p class=\"s13\"><span class=\"s14\">Asimismo, la vicepresidenta revis\u00f3 los registros de crecimiento y el estado nutricional de los beneficiarios, brind\u00f3 recomendaciones sobre la alimentaci\u00f3n adecuada para las ni\u00f1as y ni\u00f1os, y solicit\u00f3 prestar especial atenci\u00f3n a quienes mostraban indicios visibles de posibles deficiencias en su salud.<\/span><\/p>\n<p class=\"s17\"><span class=\"s15\">La vicepresidenta Mar\u00eda Jos\u00e9 Pinto sostuvo hoy, desde el ECU 911 Ibarra, una reuni\u00f3n de monitoreo y coordinaci\u00f3n con equipos t\u00e9cnicos y autoridades locales para fortalecer la atenci\u00f3n, la seguridad y la respuesta en Imbabura.<\/span><\/p>\n<p class=\"s17\">La Vicepresidencia de la Rep\u00fablica reafirma su compromiso con el bienestar de la ni\u00f1ez, la lucha contra la desnutrici\u00f3n infantil, el fortalecimiento de la salud mental y la prevenci\u00f3n del embarazo adolescente. Son ejes prioritarios por los que la segunda mandataria, Mar\u00eda Jos\u00e9 Pinto, continuar\u00e1 recorriendo el territorio, asegurando que los servicios y recursos lleguen de manera directa a quienes m\u00e1s los necesitan.<\/p>\n","protected":false},"excerpt":{"rendered":"<p>Ibarra.- La agenda vicepresidencial en territorio contin\u00faa. En el cant\u00f3n Ibarra, la Vicepresidenta, Mar\u00eda Jos\u00e9 Pinto, realiz\u00f3 una visita t\u00e9cnica a la fundaci\u00f3n Cristo de la Calle donde constat\u00f3 el estado de la infraestructura y los servicios que brinda\u00a0este centro que acoge a 40 ni\u00f1as, ni\u00f1os y j\u00f3venes que fueron privados de su medio familiar [&hellip;]<\/p>\n","protected":false},"author":2,"featured_media":37990,"comment_status":"open","ping_status":"closed","sticky":false,"template":"","format":"standard","meta":{"_jetpack_memberships_contains_paid_content":false,"footnotes":""},"categories":[13],"tags":[4767,5618,6006],"class_list":["post-37989","post","type-post","status-publish","format-standard","has-post-thumbnail","hentry","category-noticias-nacionales","tag-maria-jose-pinto","tag-ministerio-de-desarrollo-humano","tag-vicepresidenta"],"jetpack_featured_media_url":"https:\/\/radiocresatelital.com\/wp-content\/uploads\/2025\/09\/IMG_0896-1536x1152-1.jpeg","jetpack_sharing_enabled":true,"_links":{"self":[{"href":"https:\/\/radiocresatelital.com\/index.php?rest_route=\/wp\/v2\/posts\/37989","targetHints":{"allow":["GET"]}}],"collection":[{"href":"https:\/\/radiocresatelital.com\/index.php?rest_route=\/wp\/v2\/posts"}],"about":[{"href":"https:\/\/radiocresatelital.com\/index.php?rest_route=\/wp\/v2\/types\/post"}],"author":[{"embeddable":true,"href":"https:\/\/radiocresatelital.com\/index.php?rest_route=\/wp\/v2\/users\/2"}],"replies":[{"embeddable":true,"href":"https:\/\/radiocresatelital.com\/index.php?rest_route=%2Fwp%2Fv2%2Fcomments&post=37989"}],"version-history":[{"count":1,"href":"https:\/\/radiocresatelital.com\/index.php?rest_route=\/wp\/v2\/posts\/37989\/revisions"}],"predecessor-version":[{"id":37991,"href":"https:\/\/radiocresatelital.com\/index.php?rest_route=\/wp\/v2\/posts\/37989\/revisions\/37991"}],"wp:featuredmedia":[{"embeddable":true,"href":"https:\/\/radiocresatelital.com\/index.php?rest_route=\/wp\/v2\/media\/37990"}],"wp:attachment":[{"href":"https:\/\/radiocresatelital.com\/index.php?rest_route=%2Fwp%2Fv2%2Fmedia&parent=37989"}],"wp:term":[{"taxonomy":"category","embeddable":true,"href":"https:\/\/radiocresatelital.com\/index.php?rest_route=%2Fwp%2Fv2%2Fcategories&post=37989"},{"taxonomy":"post_tag","embeddable":true,"href":"https:\/\/radiocresatelital.com\/index.php?rest_route=%2Fwp%2Fv2%2Ftags&post=37989"}],"curies":[{"name":"wp","href":"https:\/\/api.w.org\/{rel}","templated":true}]}}