{"id":37980,"date":"2025-09-25T17:55:16","date_gmt":"2025-09-25T17:55:16","guid":{"rendered":"https:\/\/radiocresatelital.com\/?p=37980"},"modified":"2025-09-25T21:56:55","modified_gmt":"2025-09-25T21:56:55","slug":"llega-una-nueva-forma-de-entender-y-acceder-al-seguro-en-ecuador","status":"publish","type":"post","link":"https:\/\/radiocresatelital.com\/?p=37980","title":{"rendered":"Llega una nueva forma de entender y acceder al seguro en Ecuador"},"content":{"rendered":"<p>Quito. \u2013 El mercado asegurador ecuatoriano da la bienvenida a Seguros T\u00faPrimero, compa\u00f1\u00eda enfocada en promover los seguros inclusivos, con el prop\u00f3sito de fortalecer la resiliencia, impulsar la inclusi\u00f3n financiera y contribuir al progreso de las comunidades m\u00e1s vulnerables del pa\u00eds, con un importante apalancamiento tecnol\u00f3gico.<\/p>\n<p>Seguros T\u00faPrimero representa una inversi\u00f3n estrat\u00e9gica en Ecuador que une a dos grandes actores de la regi\u00f3n: Grupo Futuro, liderado por su Presidente Ejecutivo Juan Carlos Berr\u00fa, uno de los principales holdings del pa\u00eds con presencia en sectores como seguros, salud, turismo, agricultura, energ\u00edas limpias, log\u00edstica, entre otros; y Seguros T\u00faPrimero, fundada en Colombia por Carolina Losada \u00c1ngel, actual CEO para LATAM, siendo la primera insurtech de la regi\u00f3n especializada en inclusi\u00f3n de seguros.<\/p>\n<p>El origen de Seguros T\u00faPrimero responde a la necesidad de brindar protecci\u00f3n a poblaciones hist\u00f3ricamente desatendidas y expuestas a riesgos que limitan su desarrollo y sostenibilidad. Hasta la fecha, la iniciativa ha impactado positivamente a m\u00e1s de 40.000 personas, marcando un hito en el acceso a soluciones de protecci\u00f3n en la regi\u00f3n.<\/p>\n<p>Ahora llega a Ecuador con un modelo innovador y un lenguaje cercano, que coloca a las personas en el centro de la experiencia. Sus soluciones de protecci\u00f3n son simples, accesibles y dise\u00f1adas a partir de procesos de co-creaci\u00f3n con aliados estrat\u00e9gicos. Esta compa\u00f1\u00eda reafirma el compromiso de Grupo Futuro, con la inclusi\u00f3n, la innovaci\u00f3n y con la creaci\u00f3n de seguros que respondan a las realidades de distintos segmentos de la poblaci\u00f3n.<\/p>\n<p>Jorge Andrade, Gerente General en Ecuador, destaca el prop\u00f3sito de la compa\u00f1\u00eda; \u201cEn Seguros T\u00faPrimero ponemos a las personas en el centro. Nuestro compromiso es co-crear con aliados estrat\u00e9gicos, soluciones de protecci\u00f3n hechas a la medida, sencillas, cercanas y accesibles, protegiendo especialmente a quienes m\u00e1s lo necesitan.\u201d<\/p>\n<p>Para la compa\u00f1\u00eda el seguro es una herramienta de inclusi\u00f3n y sostenibilidad, y la tecnolog\u00eda un habilitador para facilitar su acceso. Donde estar protegido no deber\u00eda ser un privilegio de pocos, sino un derecho de todos.<\/p>\n<p>El lanzamiento oficial se llev\u00f3 a cabo el 24 de septiembre en Quito, con la participaci\u00f3n de autoridades del sector y representantes de empresas comprometidas en impulsar el desarrollo de seguros inclusivos como motor de bienestar social y econ\u00f3mico para el pa\u00eds.<\/p>\n<p>La propuesta de Seguros T\u00faPrimero trasciende el modelo tradicional al integrar tecnolog\u00eda, alianzas estrat\u00e9gicas y educaci\u00f3n, con el objetivo de reducir la brecha de acceso al seguro, fortalecer la resiliencia comunitaria y ampliar la inclusi\u00f3n financiera en Ecuador. Con este enfoque, la compa\u00f1\u00eda se posiciona como un actor clave en el inicio de la transformaci\u00f3n de la industria aseguradora del pa\u00eds.<\/p>\n","protected":false},"excerpt":{"rendered":"<p>Quito. \u2013 El mercado asegurador ecuatoriano da la bienvenida a Seguros T\u00faPrimero, compa\u00f1\u00eda enfocada en promover los seguros inclusivos, con el prop\u00f3sito de fortalecer la resiliencia, impulsar la inclusi\u00f3n financiera y contribuir al progreso de las comunidades m\u00e1s vulnerables del pa\u00eds, con un importante apalancamiento tecnol\u00f3gico. Seguros T\u00faPrimero representa una inversi\u00f3n estrat\u00e9gica en Ecuador que [&hellip;]<\/p>\n","protected":false},"author":2,"featured_media":37981,"comment_status":"open","ping_status":"closed","sticky":false,"template":"","format":"standard","meta":{"_jetpack_memberships_contains_paid_content":false,"footnotes":""},"categories":[13],"tags":[6004],"class_list":["post-37980","post","type-post","status-publish","format-standard","has-post-thumbnail","hentry","category-noticias-nacionales","tag-seguros-tuprimero"],"jetpack_featured_media_url":"https:\/\/radiocresatelital.com\/wp-content\/uploads\/2025\/09\/WhatsApp-Image-2025-09-25-at-16.54.45.jpeg","jetpack_sharing_enabled":true,"_links":{"self":[{"href":"https:\/\/radiocresatelital.com\/index.php?rest_route=\/wp\/v2\/posts\/37980","targetHints":{"allow":["GET"]}}],"collection":[{"href":"https:\/\/radiocresatelital.com\/index.php?rest_route=\/wp\/v2\/posts"}],"about":[{"href":"https:\/\/radiocresatelital.com\/index.php?rest_route=\/wp\/v2\/types\/post"}],"author":[{"embeddable":true,"href":"https:\/\/radiocresatelital.com\/index.php?rest_route=\/wp\/v2\/users\/2"}],"replies":[{"embeddable":true,"href":"https:\/\/radiocresatelital.com\/index.php?rest_route=%2Fwp%2Fv2%2Fcomments&post=37980"}],"version-history":[{"count":1,"href":"https:\/\/radiocresatelital.com\/index.php?rest_route=\/wp\/v2\/posts\/37980\/revisions"}],"predecessor-version":[{"id":37982,"href":"https:\/\/radiocresatelital.com\/index.php?rest_route=\/wp\/v2\/posts\/37980\/revisions\/37982"}],"wp:featuredmedia":[{"embeddable":true,"href":"https:\/\/radiocresatelital.com\/index.php?rest_route=\/wp\/v2\/media\/37981"}],"wp:attachment":[{"href":"https:\/\/radiocresatelital.com\/index.php?rest_route=%2Fwp%2Fv2%2Fmedia&parent=37980"}],"wp:term":[{"taxonomy":"category","embeddable":true,"href":"https:\/\/radiocresatelital.com\/index.php?rest_route=%2Fwp%2Fv2%2Fcategories&post=37980"},{"taxonomy":"post_tag","embeddable":true,"href":"https:\/\/radiocresatelital.com\/index.php?rest_route=%2Fwp%2Fv2%2Ftags&post=37980"}],"curies":[{"name":"wp","href":"https:\/\/api.w.org\/{rel}","templated":true}]}}