{"id":37977,"date":"2025-09-25T21:51:16","date_gmt":"2025-09-25T21:51:16","guid":{"rendered":"https:\/\/radiocresatelital.com\/?p=37977"},"modified":"2025-09-25T21:51:26","modified_gmt":"2025-09-25T21:51:26","slug":"guayaquil-proyecto-su-diversidad-y-competitividad-en-el-encuentro-de-turismo-2025","status":"publish","type":"post","link":"https:\/\/radiocresatelital.com\/?p=37977","title":{"rendered":"Guayaquil proyect\u00f3 su diversidad y competitividad en el Encuentro de Turismo 2025"},"content":{"rendered":"<p>Guayaquil.- Con la participaci\u00f3n de l\u00edderes locales, c\u00e1maras de turismo y delegaciones de varias ciudades, el Encuentro Nacional de Representantes del Turismo del Ecuador 2025 se consolid\u00f3 en Cuenca como un espacio de integraci\u00f3n que busca fortalecer la competitividad del pa\u00eds en los mercados nacionales e internacionales.<\/p>\n<p>La cita coincidi\u00f3 con la conmemoraci\u00f3n del D\u00eda Mundial del Turismo y permiti\u00f3 el intercambio de experiencias, la adopci\u00f3n de resoluciones estrat\u00e9gicas y la exposici\u00f3n de propuestas que marcan el futuro de esta industria clave.<\/p>\n<p>Durante el encuentro, la Direcci\u00f3n de Turismo y Eventos Especiales de la Alcald\u00eda de Guayaquil present\u00f3 un video promocional que mostr\u00f3 la diversidad cultural, gastron\u00f3mica y recreativa de la ciudad, adem\u00e1s de su capacidad para albergar congresos, ferias y reuniones internacionales con el respaldo del Bur\u00f3 de Negocios.<\/p>\n<p>La intervenci\u00f3n se complement\u00f3 con una muestra de baile folcl\u00f3rico y la presencia de Juan Pueblo, personaje ic\u00f3nico que conect\u00f3 con los asistentes y reafirm\u00f3 la identidad guayaquile\u00f1a como un valor tur\u00edstico en s\u00ed mismo.<\/p>\n<p>El alcalde de Cuenca, Cristian Zamora, destac\u00f3 la importancia del encuentro como espacio de articulaci\u00f3n entre territorios. \u201cEstamos muy contentos de que en nuestra ciudad se hayan dado cita varias c\u00e1maras y actores del turismo. Tambi\u00e9n quiero saludar la presencia de todo el aparataje de la Municipalidad de Guayaquil en torno al tema tur\u00edstico. Creo que Cuenca y Guayaquil siempre han sido destinos hermanos por excelencia; hemos recibido y seguimos recibiendo a los guayaquile\u00f1os con los brazos abiertos. Espero que estas reuniones sean fruct\u00edferas y que tanto los empresarios como los responsables de la pol\u00edtica p\u00fablica del turismo en el pa\u00eds puedan articular esfuerzos<br \/>\npara sacar adelante esta importante industria\u201d, indic\u00f3.<\/p>\n<p>Con la presencia de representantes de las C\u00e1maras de Turismo del Ecuador y representantes del sector p\u00fablico y privado, el encuentro reafirm\u00f3 la necesidad de consolidar alianzas para impulsar un turismo sostenible, inclusivo y competitivo. En este escenario, Guayaquil se proyect\u00f3 como un destino de referencia, capaz de atraer visitantes y generar oportunidades de desarrollo que trascienden fronteras.<\/p>\n","protected":false},"excerpt":{"rendered":"<p>Guayaquil.- Con la participaci\u00f3n de l\u00edderes locales, c\u00e1maras de turismo y delegaciones de varias ciudades, el Encuentro Nacional de Representantes del Turismo del Ecuador 2025 se consolid\u00f3 en Cuenca como un espacio de integraci\u00f3n que busca fortalecer la competitividad del pa\u00eds en los mercados nacionales e internacionales. La cita coincidi\u00f3 con la conmemoraci\u00f3n del D\u00eda [&hellip;]<\/p>\n","protected":false},"author":2,"featured_media":37978,"comment_status":"open","ping_status":"closed","sticky":false,"template":"","format":"standard","meta":{"_jetpack_memberships_contains_paid_content":false,"footnotes":""},"categories":[13],"tags":[6003],"class_list":["post-37977","post","type-post","status-publish","format-standard","has-post-thumbnail","hentry","category-noticias-nacionales","tag-encuentro-nacional-de-representantes-del-turismo-del-ecuador-2025"],"jetpack_featured_media_url":"https:\/\/radiocresatelital.com\/wp-content\/uploads\/2025\/09\/IMG_5612-scaled.jpeg","jetpack_sharing_enabled":true,"_links":{"self":[{"href":"https:\/\/radiocresatelital.com\/index.php?rest_route=\/wp\/v2\/posts\/37977","targetHints":{"allow":["GET"]}}],"collection":[{"href":"https:\/\/radiocresatelital.com\/index.php?rest_route=\/wp\/v2\/posts"}],"about":[{"href":"https:\/\/radiocresatelital.com\/index.php?rest_route=\/wp\/v2\/types\/post"}],"author":[{"embeddable":true,"href":"https:\/\/radiocresatelital.com\/index.php?rest_route=\/wp\/v2\/users\/2"}],"replies":[{"embeddable":true,"href":"https:\/\/radiocresatelital.com\/index.php?rest_route=%2Fwp%2Fv2%2Fcomments&post=37977"}],"version-history":[{"count":1,"href":"https:\/\/radiocresatelital.com\/index.php?rest_route=\/wp\/v2\/posts\/37977\/revisions"}],"predecessor-version":[{"id":37979,"href":"https:\/\/radiocresatelital.com\/index.php?rest_route=\/wp\/v2\/posts\/37977\/revisions\/37979"}],"wp:featuredmedia":[{"embeddable":true,"href":"https:\/\/radiocresatelital.com\/index.php?rest_route=\/wp\/v2\/media\/37978"}],"wp:attachment":[{"href":"https:\/\/radiocresatelital.com\/index.php?rest_route=%2Fwp%2Fv2%2Fmedia&parent=37977"}],"wp:term":[{"taxonomy":"category","embeddable":true,"href":"https:\/\/radiocresatelital.com\/index.php?rest_route=%2Fwp%2Fv2%2Fcategories&post=37977"},{"taxonomy":"post_tag","embeddable":true,"href":"https:\/\/radiocresatelital.com\/index.php?rest_route=%2Fwp%2Fv2%2Ftags&post=37977"}],"curies":[{"name":"wp","href":"https:\/\/api.w.org\/{rel}","templated":true}]}}