{"id":37974,"date":"2025-09-25T21:44:38","date_gmt":"2025-09-25T21:44:38","guid":{"rendered":"https:\/\/radiocresatelital.com\/?p=37974"},"modified":"2025-09-25T21:44:38","modified_gmt":"2025-09-25T21:44:38","slug":"prefectura-del-guayas-participa-en-el-parrillafest-2025-para-promover-el-trabajo-de-emprendedores-locales","status":"publish","type":"post","link":"https:\/\/radiocresatelital.com\/?p=37974","title":{"rendered":"Prefectura del Guayas participa en el \u201cParrillafest\u201d 2025 para promover el trabajo de emprendedores locales"},"content":{"rendered":"<p><span style=\"font-weight: 400;\">Guayaquil.- La Perla del Pac\u00edfico, Guayaquil ser\u00e1 una vez m\u00e1s la sede del \u201cParrillafest\u201d, evento gastron\u00f3mico que se desarrollar\u00e1 el 27 y 28 de septiembre en el Palacio de Cristal, donde se pondr\u00e1 en vitrina lo mejor de la tradici\u00f3n parrillera y los productos locales. Un espacio que contar\u00e1 con la participaci\u00f3n del Gobierno Provincial del Guayas, seg\u00fan lo anunciado por la prefecta Marcela Agui\u00f1aga.\u00a0<\/span><\/p>\n<p><span style=\"font-weight: 400;\">La presencia institucional en este festival representa una plataforma estrat\u00e9gica para los emprendedores de la provincia, quienes podr\u00e1n visibilizar y comercializar sus productos, fortalecer sus marcas y conquistar nuevos espacios de mercado. En esta octava edici\u00f3n del Parrillafest, se destacan iniciativas apoyadas por la prefectura a trav\u00e9s de la Direcci\u00f3n de Guayas Estrat\u00e9gica, como:<\/span><\/p>\n<ul>\n<li style=\"font-weight: 400;\" aria-level=\"1\"><span style=\"font-weight: 400;\">Marcas de aj\u00ed: D\u2019 Aj\u00ed y La Pia.<\/span><\/li>\n<li style=\"font-weight: 400;\" aria-level=\"1\"><span style=\"font-weight: 400;\">Marcas de chimichurri: D\u2019 Menoni y Don Guille.<\/span><\/li>\n<li style=\"font-weight: 400;\" aria-level=\"1\"><span style=\"font-weight: 400;\">Proyecto \u201cPan del Alma\u201d, que proviene de las cuidadoras de la Manzana del Cuidado Monte Sina\u00ed, que contar\u00e1 con un stand exclusivo para la comercializaci\u00f3n de hamburguesas a la parrilla.<\/span><\/li>\n<li style=\"font-weight: 400;\" aria-level=\"1\"><span style=\"font-weight: 400;\">Tienda \u201cGuayalma\u201d, que abrir\u00e1 un punto de venta con productos de identidad provincial.<\/span><\/li>\n<\/ul>\n<p><span style=\"font-weight: 400;\">\u201cNosotros estamos aqu\u00ed para respaldar las actividades de nuestros emprendedores en un pa\u00eds donde no hay empleo pleno, entonces a la gente, para llevar el pan a la casa, le toca ser innovador, emprender\u2026 para que vean que es posible en una provincia, a pesar de que tiene focos de violencia, hay tambi\u00e9n sectores donde se pueden hacer las cosas bien\u201d, expres\u00f3 Agui\u00f1aga.<\/span><\/p>\n<p><span style=\"font-weight: 400;\">Parrillafest contar\u00e1 con un torneo de 14 equipos parrilleros, en el que participar\u00e1 el grupo \u201cLos Chimiparrilleros\u201d, conformado por Mariuxi Vargas, Nahomi Araujo, Melissa Araujo y Lucas Araujo. Este equipo juvenil, con formaci\u00f3n en Argentina y Ecuador, competir\u00e1 con pasi\u00f3n y talento en representaci\u00f3n del Guayas. Su motivaci\u00f3n: el amor por el asado y el orgullo de dejar en alto el nombre de la provincia.<\/span><\/p>\n","protected":false},"excerpt":{"rendered":"<p>Guayaquil.- La Perla del Pac\u00edfico, Guayaquil ser\u00e1 una vez m\u00e1s la sede del \u201cParrillafest\u201d, evento gastron\u00f3mico que se desarrollar\u00e1 el 27 y 28 de septiembre en el Palacio de Cristal, donde se pondr\u00e1 en vitrina lo mejor de la tradici\u00f3n parrillera y los productos locales. Un espacio que contar\u00e1 con la participaci\u00f3n del Gobierno Provincial [&hellip;]<\/p>\n","protected":false},"author":2,"featured_media":37975,"comment_status":"open","ping_status":"closed","sticky":false,"template":"","format":"standard","meta":{"_jetpack_memberships_contains_paid_content":false,"footnotes":""},"categories":[13],"tags":[5968,6002,2699],"class_list":["post-37974","post","type-post","status-publish","format-standard","has-post-thumbnail","hentry","category-noticias-nacionales","tag-gobierno-provincial-del-guayas","tag-parrillafest","tag-prefecta-marcela-aguinaga"],"jetpack_featured_media_url":"https:\/\/radiocresatelital.com\/wp-content\/uploads\/2025\/09\/WhatsApp-Image-2025-09-25-at-16.40.54.jpeg","jetpack_sharing_enabled":true,"_links":{"self":[{"href":"https:\/\/radiocresatelital.com\/index.php?rest_route=\/wp\/v2\/posts\/37974","targetHints":{"allow":["GET"]}}],"collection":[{"href":"https:\/\/radiocresatelital.com\/index.php?rest_route=\/wp\/v2\/posts"}],"about":[{"href":"https:\/\/radiocresatelital.com\/index.php?rest_route=\/wp\/v2\/types\/post"}],"author":[{"embeddable":true,"href":"https:\/\/radiocresatelital.com\/index.php?rest_route=\/wp\/v2\/users\/2"}],"replies":[{"embeddable":true,"href":"https:\/\/radiocresatelital.com\/index.php?rest_route=%2Fwp%2Fv2%2Fcomments&post=37974"}],"version-history":[{"count":1,"href":"https:\/\/radiocresatelital.com\/index.php?rest_route=\/wp\/v2\/posts\/37974\/revisions"}],"predecessor-version":[{"id":37976,"href":"https:\/\/radiocresatelital.com\/index.php?rest_route=\/wp\/v2\/posts\/37974\/revisions\/37976"}],"wp:featuredmedia":[{"embeddable":true,"href":"https:\/\/radiocresatelital.com\/index.php?rest_route=\/wp\/v2\/media\/37975"}],"wp:attachment":[{"href":"https:\/\/radiocresatelital.com\/index.php?rest_route=%2Fwp%2Fv2%2Fmedia&parent=37974"}],"wp:term":[{"taxonomy":"category","embeddable":true,"href":"https:\/\/radiocresatelital.com\/index.php?rest_route=%2Fwp%2Fv2%2Fcategories&post=37974"},{"taxonomy":"post_tag","embeddable":true,"href":"https:\/\/radiocresatelital.com\/index.php?rest_route=%2Fwp%2Fv2%2Ftags&post=37974"}],"curies":[{"name":"wp","href":"https:\/\/api.w.org\/{rel}","templated":true}]}}