{"id":37971,"date":"2025-09-25T20:44:15","date_gmt":"2025-09-25T20:44:15","guid":{"rendered":"https:\/\/radiocresatelital.com\/?p=37971"},"modified":"2025-09-25T20:44:15","modified_gmt":"2025-09-25T20:44:15","slug":"gobierno-nacional-convoca-a-concurso-de-meritos-y-oposicion-para-815-vacantes-docentes-de-bachillerato-general","status":"publish","type":"post","link":"https:\/\/radiocresatelital.com\/?p=37971","title":{"rendered":"Gobierno Nacional convoca a Concurso de M\u00e9ritos y Oposici\u00f3n para 815 vacantes docentes de Bachillerato General"},"content":{"rendered":"<p>Quito.-\u00a0El Gobierno Nacional, a trav\u00e9s del Ministerio de Educaci\u00f3n, Deporte y Cultura, en cumplimiento de la normativa legal vigente y con el objetivo de fortalecer la calidad educativa en el pa\u00eds, anuncia el inicio de un nuevo concurso de m\u00e9ritos y oposici\u00f3n para el ingreso de docentes al magisterio fiscal en las especialidades de Bachillerato General. Esta convocatoria forma parte del proceso de revalorizaci\u00f3n docente, que busca reconocer el m\u00e9rito, la formaci\u00f3n y el compromiso de los educadores ecuatorianos.<\/p>\n<p>El proceso iniciar\u00e1 el 30 de septiembre de 2025 y est\u00e1 dirigido exclusivamente a postulantes que cuenten con la condici\u00f3n de candidatos aptos vigente en las \u00e1reas convocadas. Para este concurso se ofertar\u00e1n 815 partidas docentes distribuidas en todo el territorio nacional, garantizando la cobertura adecuada y el fortalecimiento de las diferentes especialidades del nivel de Bachillerato.<\/p>\n<p>Las especialidades convocadas son: Matem\u00e1tica (de 8.\u00ba de EGB a 3.\u00ba de Bachillerato), Historia, Lengua y Literatura (de 8.\u00ba de EGB a 3.\u00ba de Bachillerato), Qu\u00edmica, Filosof\u00eda, Emprendimiento y Gesti\u00f3n, Educaci\u00f3n para la Ciudadan\u00eda, Biolog\u00eda y F\u00edsica, todas correspondientes al Bachillerato General.<\/p>\n<p>Los docentes interesados en participar deber\u00e1n realizar su registro de postulaci\u00f3n a trav\u00e9s del enlace oficial del Ministerio de Educaci\u00f3n, Deporte y Cultura:<\/p>\n<p><a href=\"https:\/\/servicios.educacion.gob.ec\/sgd-moe-web\/faces\/paginas\/externo\/ingresoProceso.xhtml\" target=\"_blank\" rel=\"noopener\">https:\/\/servicios.educacion.gob.ec\/sgd-moe-web\/faces\/paginas\/externo\/ingresoProceso.xhtml<\/a><\/p>\n<p>El Ministerio de Educaci\u00f3n, Deporte y Cultura recuerda a la ciudadan\u00eda que los servicios que ofrece esta cartera de estado son gratuitos, por lo que no se requieren intermediarios ni pagos para participar en este proceso.<\/p>\n<p>Con esta convocatoria, el Gobierno Nacional reafirma su compromiso con la transparencia, la meritocracia y la revalorizaci\u00f3n de la carrera docente, garantizando que los estudiantes del Bachillerato General cuenten con profesionales altamente capacitados y comprometidos con la excelencia educativa.<\/p>\n","protected":false},"excerpt":{"rendered":"<p>Quito.-\u00a0El Gobierno Nacional, a trav\u00e9s del Ministerio de Educaci\u00f3n, Deporte y Cultura, en cumplimiento de la normativa legal vigente y con el objetivo de fortalecer la calidad educativa en el pa\u00eds, anuncia el inicio de un nuevo concurso de m\u00e9ritos y oposici\u00f3n para el ingreso de docentes al magisterio fiscal en las especialidades de Bachillerato [&hellip;]<\/p>\n","protected":false},"author":2,"featured_media":37972,"comment_status":"open","ping_status":"closed","sticky":false,"template":"","format":"standard","meta":{"_jetpack_memberships_contains_paid_content":false,"footnotes":""},"categories":[13],"tags":[444],"class_list":["post-37971","post","type-post","status-publish","format-standard","has-post-thumbnail","hentry","category-noticias-nacionales","tag-ministerio-de-educacion"],"jetpack_featured_media_url":"https:\/\/radiocresatelital.com\/wp-content\/uploads\/2025\/09\/docente-concurso.png","jetpack_sharing_enabled":true,"_links":{"self":[{"href":"https:\/\/radiocresatelital.com\/index.php?rest_route=\/wp\/v2\/posts\/37971","targetHints":{"allow":["GET"]}}],"collection":[{"href":"https:\/\/radiocresatelital.com\/index.php?rest_route=\/wp\/v2\/posts"}],"about":[{"href":"https:\/\/radiocresatelital.com\/index.php?rest_route=\/wp\/v2\/types\/post"}],"author":[{"embeddable":true,"href":"https:\/\/radiocresatelital.com\/index.php?rest_route=\/wp\/v2\/users\/2"}],"replies":[{"embeddable":true,"href":"https:\/\/radiocresatelital.com\/index.php?rest_route=%2Fwp%2Fv2%2Fcomments&post=37971"}],"version-history":[{"count":1,"href":"https:\/\/radiocresatelital.com\/index.php?rest_route=\/wp\/v2\/posts\/37971\/revisions"}],"predecessor-version":[{"id":37973,"href":"https:\/\/radiocresatelital.com\/index.php?rest_route=\/wp\/v2\/posts\/37971\/revisions\/37973"}],"wp:featuredmedia":[{"embeddable":true,"href":"https:\/\/radiocresatelital.com\/index.php?rest_route=\/wp\/v2\/media\/37972"}],"wp:attachment":[{"href":"https:\/\/radiocresatelital.com\/index.php?rest_route=%2Fwp%2Fv2%2Fmedia&parent=37971"}],"wp:term":[{"taxonomy":"category","embeddable":true,"href":"https:\/\/radiocresatelital.com\/index.php?rest_route=%2Fwp%2Fv2%2Fcategories&post=37971"},{"taxonomy":"post_tag","embeddable":true,"href":"https:\/\/radiocresatelital.com\/index.php?rest_route=%2Fwp%2Fv2%2Ftags&post=37971"}],"curies":[{"name":"wp","href":"https:\/\/api.w.org\/{rel}","templated":true}]}}