{"id":37958,"date":"2025-09-25T20:30:09","date_gmt":"2025-09-25T20:30:09","guid":{"rendered":"https:\/\/radiocresatelital.com\/?p=37958"},"modified":"2025-09-25T20:30:09","modified_gmt":"2025-09-25T20:30:09","slug":"la-perla-del-pacifico-se-convertira-en-epicentro-del-yoga-y-la-meditacion-en-latinoamerica","status":"publish","type":"post","link":"https:\/\/radiocresatelital.com\/?p=37958","title":{"rendered":"La Perla del Pac\u00edfico se convertir\u00e1 en epicentro del yoga y la meditaci\u00f3n en Latinoam\u00e9rica"},"content":{"rendered":"<p>Guayaquil.- Con el prop\u00f3sito de mejorar la infraestructura urbana y embellecer el ornato de la ciudad, el Municipio de Guayaquil ejecuta un plan integral de mantenimiento de pintura en calles, avenidas, monumentos, parterres y aceras,<\/p>\n<p>El programa se desarrolla en dos fases: la primera, actualmente en ejecuci\u00f3n, se realiza antes de la temporada invernal; la segunda se ejecutar\u00e1 al finalizar el invierno. En total, se proyecta intervenir m\u00e1s de 20 kil\u00f3metros de v\u00edas, incluyendo tramos de gran extensi\u00f3n como:<\/p>\n<p>\u2022 Av. Pedro Men\u00e9ndez \u2013 1,28 km (desde la Base Naval hasta la estaci\u00f3n Metrovia)<br \/>\n\u2022 Av. De las Am\u00e9ricas \u2013 2,14 km (desde la intersecci\u00f3n con Juan Tanca Marengo hasta el aeropuerto)<br \/>\n\u2022 Av. Juan Tanca Marengo \u2013 3,96 km (desde la intersecci\u00f3n con Av. de las Am\u00e9ricas hasta el Colegio Mariscal Sucre)<br \/>\n\u2022 Calle Nicasio Safadi \u2013 521 m<br \/>\n\u2022 Av. De la Democracia \u2013 934 m<br \/>\n\u2022 Av. Barcelona \u2013 3,85 km (desde el redondel de la Av. Rodr\u00edguez Bon\u00edn hasta el redondel de la escultura al pescador)<br \/>\n\u2022 Av. Velasco Ibarra \u2013 1,03 km (desde la intersecci\u00f3n con Carlos Julio Arosemena hasta la Av. Barcelona)<br \/>\n\u2022 Calle Luis Cordero Crespo \u2013 440 m<br \/>\n\u2022 Calle Hermano Miguel \u2013 7,32 km (desde la intersecci\u00f3n con Av. de las Am\u00e9ricas hasta la calle Guillermo Pareja)<\/p>\n<p>Antes de pintar, las superficies reciben resane, mantenimiento y una capa impermeabilizante, que prolonga la vida \u00fatil y mejora la adherencia. Los trabajos se realizan de manera semestral, planificados seg\u00fan el flujo vehicular: avenidas de menor tr\u00e1fico durante el d\u00eda y v\u00edas de alta circulaci\u00f3n en horarios no pico para evitar congesti\u00f3n.<\/p>\n<p>La coordinaci\u00f3n con la Agencia de Tr\u00e1nsito y Movilidad (ATM) y la Direcci\u00f3n de Vinculaci\u00f3n con la Comunidad garantiza el orden y mantiene informada a la ciudadan\u00eda sobre cada intervenci\u00f3n.<\/p>\n<p>Durante los pr\u00f3ximos d\u00edas, las labores continuar\u00e1n en avenidas de alta afluencia como Domingo Com\u00edn, Benjam\u00edn Rosales, Las Aguas, Enrique Ortega, Plaza Da\u00f1in, Benjam\u00edn Carri\u00f3n, Del Periodista, Agust\u00edn Freire, Baquerizo Nazur, Leopoldo Ben\u00edtez y Pedro Pablo G\u00f3mez.<\/p>\n<p>Tras completar la intervenci\u00f3n en calles y avenidas, el plan se trasladar\u00e1 a parques y espacios p\u00fablicos, consolidando una ciudad m\u00e1s limpia, ordenada y atractiva para todos los habitantes.<\/p>\n","protected":false},"excerpt":{"rendered":"<p>Guayaquil.- Con el prop\u00f3sito de mejorar la infraestructura urbana y embellecer el ornato de la ciudad, el Municipio de Guayaquil ejecuta un plan integral de mantenimiento de pintura en calles, avenidas, monumentos, parterres y aceras, El programa se desarrolla en dos fases: la primera, actualmente en ejecuci\u00f3n, se realiza antes de la temporada invernal; la [&hellip;]<\/p>\n","protected":false},"author":2,"featured_media":37959,"comment_status":"open","ping_status":"closed","sticky":false,"template":"","format":"standard","meta":{"_jetpack_memberships_contains_paid_content":false,"footnotes":""},"categories":[33,13],"tags":[114],"class_list":["post-37958","post","type-post","status-publish","format-standard","has-post-thumbnail","hentry","category-guayaquil","category-noticias-nacionales","tag-municipio-de-guayaquil"],"jetpack_featured_media_url":"https:\/\/radiocresatelital.com\/wp-content\/uploads\/2025\/09\/Parterres-1.jpg","jetpack_sharing_enabled":true,"_links":{"self":[{"href":"https:\/\/radiocresatelital.com\/index.php?rest_route=\/wp\/v2\/posts\/37958","targetHints":{"allow":["GET"]}}],"collection":[{"href":"https:\/\/radiocresatelital.com\/index.php?rest_route=\/wp\/v2\/posts"}],"about":[{"href":"https:\/\/radiocresatelital.com\/index.php?rest_route=\/wp\/v2\/types\/post"}],"author":[{"embeddable":true,"href":"https:\/\/radiocresatelital.com\/index.php?rest_route=\/wp\/v2\/users\/2"}],"replies":[{"embeddable":true,"href":"https:\/\/radiocresatelital.com\/index.php?rest_route=%2Fwp%2Fv2%2Fcomments&post=37958"}],"version-history":[{"count":1,"href":"https:\/\/radiocresatelital.com\/index.php?rest_route=\/wp\/v2\/posts\/37958\/revisions"}],"predecessor-version":[{"id":37960,"href":"https:\/\/radiocresatelital.com\/index.php?rest_route=\/wp\/v2\/posts\/37958\/revisions\/37960"}],"wp:featuredmedia":[{"embeddable":true,"href":"https:\/\/radiocresatelital.com\/index.php?rest_route=\/wp\/v2\/media\/37959"}],"wp:attachment":[{"href":"https:\/\/radiocresatelital.com\/index.php?rest_route=%2Fwp%2Fv2%2Fmedia&parent=37958"}],"wp:term":[{"taxonomy":"category","embeddable":true,"href":"https:\/\/radiocresatelital.com\/index.php?rest_route=%2Fwp%2Fv2%2Fcategories&post=37958"},{"taxonomy":"post_tag","embeddable":true,"href":"https:\/\/radiocresatelital.com\/index.php?rest_route=%2Fwp%2Fv2%2Ftags&post=37958"}],"curies":[{"name":"wp","href":"https:\/\/api.w.org\/{rel}","templated":true}]}}