{"id":37940,"date":"2025-09-25T18:54:16","date_gmt":"2025-09-25T18:54:16","guid":{"rendered":"https:\/\/radiocresatelital.com\/?p=37940"},"modified":"2025-09-25T18:54:31","modified_gmt":"2025-09-25T18:54:31","slug":"concejo-municipal-impulsa-inclusion-con-capacitacion-para-reducir-desigualdades","status":"publish","type":"post","link":"https:\/\/radiocresatelital.com\/?p=37940","title":{"rendered":"Concejo Municipal impulsa inclusi\u00f3n con capacitaci\u00f3n para reducir desigualdades"},"content":{"rendered":"<p>Guayaquil.- En el marco de la Semana de las Personas Sordas en Ecuador, el Concejo Municipal aprob\u00f3 la suscripci\u00f3n de un convenio con la Asociaci\u00f3n Comunitaria de Sordos de Guayaquil (ACSG) para financiar parte del proyecto \u201cComunicaci\u00f3n Funcional en las \u00c1reas de Servicio al Cliente para Atender a Personas Sordas &#8211; Curso de Lengua de Se\u00f1as Ecuatoriana\u201d.<\/p>\n<p>El proyecto, que se desarrollar\u00e1 durante seis meses, capacitar\u00e1 de manera presencial o virtual a 500 servidores p\u00fablicos, privados y l\u00edderes de organizaciones no gubernamentales que trabajan en el \u00e1rea de servicio, fortaleciendo la inclusi\u00f3n y la accesibilidad para la comunidad sorda.<\/p>\n<p>Respaldado por el cuerpo edilicio, liderado por el alcalde Aquiles Alvarez, esta iniciativa busca derribar las barreras comunicacionales que enfrentan las personas con discapacidad auditiva en servicios clave como salud, educaci\u00f3n, tr\u00e1mites legales y administrativos, as\u00ed como en la atenci\u00f3n cotidiana al ciudadano.<\/p>\n<p>\u201cEsto no solo va permitir mejorar el servicio de atenci\u00f3n al cliente, va a romper barreras hist\u00f3ricas, va a reducir desigualdades, nos va acercar a esa Guayaquil inclusiva, solidaria y con mucha presencia de justicia social que cada uno de nosotros nos prometimos a construir desde que iniciamos en funciones en este espacio\u201d, dijo la concejala Blanca L\u00f3pez.<\/p>\n<p>El convenio da continuidad a un proyecto previo ejecutado por la ACSG entre julio de 2024 y enero de 2025, que capacit\u00f3 a 506 servidores de instituciones como la Polic\u00eda Nacional, el Terminal Aeroportuario de Guayaquil y la Facultad de Odontolog\u00eda de la Universidad de Guayaquil, consolidando un modelo de atenci\u00f3n m\u00e1s inclusivo en la ciudad.<\/p>\n<p><strong>Inversiones en agua y saneamiento<\/strong><br \/>\nParalelamente, el Concejo ampli\u00f3 el plazo y modific\u00f3 parcialmente los desembolsos para proyectos de dise\u00f1o de agua, alcantarillado y drenaje en Ciudad de Dios, Monte Sinai I y II, y Realidad de Dios, dentro de la adenda al convenio de cooperaci\u00f3n t\u00e9cnica no reembolsable suscrito con la Corporaci\u00f3n Andina de Fomento (CAF) y ejecutado por EMAPAG, como parte del Programa de Preinversi\u00f3n del Sector Agua (PPSA).<\/p>\n<p>\u201cTodo lo que es inversi\u00f3n para agua y saneamiento hemos priorizado en esta administraci\u00f3n porque eso es vida digna\u201d, concluy\u00f3 el Alcalde.<\/p>\n","protected":false},"excerpt":{"rendered":"<p>Guayaquil.- En el marco de la Semana de las Personas Sordas en Ecuador, el Concejo Municipal aprob\u00f3 la suscripci\u00f3n de un convenio con la Asociaci\u00f3n Comunitaria de Sordos de Guayaquil (ACSG) para financiar parte del proyecto \u201cComunicaci\u00f3n Funcional en las \u00c1reas de Servicio al Cliente para Atender a Personas Sordas &#8211; Curso de Lengua de [&hellip;]<\/p>\n","protected":false},"author":2,"featured_media":37941,"comment_status":"open","ping_status":"closed","sticky":false,"template":"","format":"standard","meta":{"_jetpack_memberships_contains_paid_content":false,"footnotes":""},"categories":[33,13],"tags":[2157,5999],"class_list":["post-37940","post","type-post","status-publish","format-standard","has-post-thumbnail","hentry","category-guayaquil","category-noticias-nacionales","tag-concejo-municipal","tag-semana-de-las-personas-sordas-en-ecuador"],"jetpack_featured_media_url":"https:\/\/radiocresatelital.com\/wp-content\/uploads\/2025\/09\/2-2-scaled.jpeg","jetpack_sharing_enabled":true,"_links":{"self":[{"href":"https:\/\/radiocresatelital.com\/index.php?rest_route=\/wp\/v2\/posts\/37940","targetHints":{"allow":["GET"]}}],"collection":[{"href":"https:\/\/radiocresatelital.com\/index.php?rest_route=\/wp\/v2\/posts"}],"about":[{"href":"https:\/\/radiocresatelital.com\/index.php?rest_route=\/wp\/v2\/types\/post"}],"author":[{"embeddable":true,"href":"https:\/\/radiocresatelital.com\/index.php?rest_route=\/wp\/v2\/users\/2"}],"replies":[{"embeddable":true,"href":"https:\/\/radiocresatelital.com\/index.php?rest_route=%2Fwp%2Fv2%2Fcomments&post=37940"}],"version-history":[{"count":1,"href":"https:\/\/radiocresatelital.com\/index.php?rest_route=\/wp\/v2\/posts\/37940\/revisions"}],"predecessor-version":[{"id":37942,"href":"https:\/\/radiocresatelital.com\/index.php?rest_route=\/wp\/v2\/posts\/37940\/revisions\/37942"}],"wp:featuredmedia":[{"embeddable":true,"href":"https:\/\/radiocresatelital.com\/index.php?rest_route=\/wp\/v2\/media\/37941"}],"wp:attachment":[{"href":"https:\/\/radiocresatelital.com\/index.php?rest_route=%2Fwp%2Fv2%2Fmedia&parent=37940"}],"wp:term":[{"taxonomy":"category","embeddable":true,"href":"https:\/\/radiocresatelital.com\/index.php?rest_route=%2Fwp%2Fv2%2Fcategories&post=37940"},{"taxonomy":"post_tag","embeddable":true,"href":"https:\/\/radiocresatelital.com\/index.php?rest_route=%2Fwp%2Fv2%2Ftags&post=37940"}],"curies":[{"name":"wp","href":"https:\/\/api.w.org\/{rel}","templated":true}]}}