{"id":37937,"date":"2025-09-25T18:47:13","date_gmt":"2025-09-25T18:47:13","guid":{"rendered":"https:\/\/radiocresatelital.com\/?p=37937"},"modified":"2025-09-25T18:47:36","modified_gmt":"2025-09-25T18:47:36","slug":"700-aspirantes-a-agentes-de-control-municipal-iniciaran-capacitacion-para-reforzar-la-seguridad","status":"publish","type":"post","link":"https:\/\/radiocresatelital.com\/?p=37937","title":{"rendered":"700 aspirantes a Agentes de Control Municipal iniciar\u00e1n capacitaci\u00f3n para reforzar la seguridad"},"content":{"rendered":"<p>Guayaquil.- Para fortalecer la capacidad operativa y el despliegue territorial en la ciudad, la Alcald\u00eda de Guayaquil y Segura EP, seleccionaron oficialmente a 700 aspirantes a Agentes de Control Municipal (ACM), quienes se capacitar\u00e1n para integrarse a la fuerza operativa encargada de apoyar la seguridad ciudadana en calle, mercados, plazas, malecones y zonas tur\u00edsticas de la ciudad.<\/p>\n<p>El proceso de selecci\u00f3n fue ejecutado por la Universidad Cat\u00f3lica Santiago de Guayaquil bajo un sistema t\u00e9cnico y transparente, que incluy\u00f3 nueve fases de reclutamiento, validaci\u00f3n y evaluaci\u00f3n. De los 21.341 inscritos, 12.940 postulantes fueron validados y, tras superar todas las etapas, se eligi\u00f3 a los 700 aspirantes que continuar\u00e1n su formaci\u00f3n acad\u00e9mica en la Universidad ECOTEC.<\/p>\n<p>La formaci\u00f3n contempla cuatro m\u00f3dulos principales: legislaci\u00f3n y normativa, comunicaci\u00f3n y liderazgo aplicado, especializaci\u00f3n seg\u00fan rol operativo e intervenci\u00f3n municipal. Adem\u00e1s, recibir\u00e1n complementos en ordenanzas locales, seguridad tur\u00edstica, primeros auxilios, derechos humanos, resoluci\u00f3n de conflictos, control de disturbios,<br \/>\ningl\u00e9s e inteligencia emocional.<\/p>\n<p>\u201cSe est\u00e1 avanzando justamente en lo que fue un ofrecimiento del se\u00f1or Alcalde en campa\u00f1a, de reforzar la cantidad de Agentes de Control Municipal para la ciudad de Guayaquil. Esperamos en diciembre o enero hacer la incorporaci\u00f3n de estos nuevos 700 agentes con lo que llegar\u00edamos a tener una fuerza de 2000 agentes municipales\u201d,<br \/>\nprecis\u00f3 Alex Anchundia, gerente General de Segura EP.<\/p>\n<p>Una vez graduados, los ACM desempe\u00f1ar\u00e1n funciones establecidas en el C\u00f3digo de Entidades de Seguridad Ciudadana y Orden P\u00fablico (COESCOP), incluyendo apoyo a la seguridad ciudadana, control del espacio p\u00fablico, seguridad tur\u00edstica, gesti\u00f3n ambiental, atenci\u00f3n a poblaci\u00f3n vulnerable y socializaci\u00f3n de ordenanzas municipales.<\/p>\n<p>Este proceso no solo incrementa la capacidad operativa, sino que tambi\u00e9n fortalece la visi\u00f3n de un cuerpo disciplinado, \u00e9tico y comprometido con el orden, la prevenci\u00f3n y la convivencia ciudadana.<\/p>\n","protected":false},"excerpt":{"rendered":"<p>Guayaquil.- Para fortalecer la capacidad operativa y el despliegue territorial en la ciudad, la Alcald\u00eda de Guayaquil y Segura EP, seleccionaron oficialmente a 700 aspirantes a Agentes de Control Municipal (ACM), quienes se capacitar\u00e1n para integrarse a la fuerza operativa encargada de apoyar la seguridad ciudadana en calle, mercados, plazas, malecones y zonas tur\u00edsticas de [&hellip;]<\/p>\n","protected":false},"author":2,"featured_media":37938,"comment_status":"open","ping_status":"closed","sticky":false,"template":"","format":"standard","meta":{"_jetpack_memberships_contains_paid_content":false,"footnotes":""},"categories":[33,13],"tags":[293,785],"class_list":["post-37937","post","type-post","status-publish","format-standard","has-post-thumbnail","hentry","category-guayaquil","category-noticias-nacionales","tag-alcaldia-de-guayaquil","tag-segura-ep"],"jetpack_featured_media_url":"https:\/\/radiocresatelital.com\/wp-content\/uploads\/2025\/09\/Agentes-1-jpg-scaled.jpeg","jetpack_sharing_enabled":true,"_links":{"self":[{"href":"https:\/\/radiocresatelital.com\/index.php?rest_route=\/wp\/v2\/posts\/37937","targetHints":{"allow":["GET"]}}],"collection":[{"href":"https:\/\/radiocresatelital.com\/index.php?rest_route=\/wp\/v2\/posts"}],"about":[{"href":"https:\/\/radiocresatelital.com\/index.php?rest_route=\/wp\/v2\/types\/post"}],"author":[{"embeddable":true,"href":"https:\/\/radiocresatelital.com\/index.php?rest_route=\/wp\/v2\/users\/2"}],"replies":[{"embeddable":true,"href":"https:\/\/radiocresatelital.com\/index.php?rest_route=%2Fwp%2Fv2%2Fcomments&post=37937"}],"version-history":[{"count":1,"href":"https:\/\/radiocresatelital.com\/index.php?rest_route=\/wp\/v2\/posts\/37937\/revisions"}],"predecessor-version":[{"id":37939,"href":"https:\/\/radiocresatelital.com\/index.php?rest_route=\/wp\/v2\/posts\/37937\/revisions\/37939"}],"wp:featuredmedia":[{"embeddable":true,"href":"https:\/\/radiocresatelital.com\/index.php?rest_route=\/wp\/v2\/media\/37938"}],"wp:attachment":[{"href":"https:\/\/radiocresatelital.com\/index.php?rest_route=%2Fwp%2Fv2%2Fmedia&parent=37937"}],"wp:term":[{"taxonomy":"category","embeddable":true,"href":"https:\/\/radiocresatelital.com\/index.php?rest_route=%2Fwp%2Fv2%2Fcategories&post=37937"},{"taxonomy":"post_tag","embeddable":true,"href":"https:\/\/radiocresatelital.com\/index.php?rest_route=%2Fwp%2Fv2%2Ftags&post=37937"}],"curies":[{"name":"wp","href":"https:\/\/api.w.org\/{rel}","templated":true}]}}