{"id":37931,"date":"2025-09-25T18:28:01","date_gmt":"2025-09-25T18:28:01","guid":{"rendered":"https:\/\/radiocresatelital.com\/?p=37931"},"modified":"2025-09-25T18:28:01","modified_gmt":"2025-09-25T18:28:01","slug":"un-total-961-hogares-participaran-en-el-proyecto-samborondon-recicla-durante-un-periodo-de-tres-meses","status":"publish","type":"post","link":"https:\/\/radiocresatelital.com\/?p=37931","title":{"rendered":"Un total 961 hogares participar\u00e1n en el proyecto \u201cSamborond\u00f3n Recicla\u201d. Durante un per\u00edodo de tres meses"},"content":{"rendered":"<p>Samborond\u00f3n.- Convertir a Samborond\u00f3n en un referente nacional de sostenibilidad es el prop\u00f3sito central de Samborond\u00f3n Recicla, un proyecto que busca validar un sistema de reciclaje inclusivo, eficiente y medible. La iniciativa involucra activamente a ciudadanos, recicladores y aliados estrat\u00e9gicos, y propone un modelo replicable que articula educaci\u00f3n ambiental, participaci\u00f3n comunitaria y gesti\u00f3n t\u00e9cnica de residuos.<\/p>\n<p>Durante 90 d\u00edas, 961 hogares de las urbanizaciones Vista Sol, Torres del R\u00edo y Las Riberas ser\u00e1n parte de este proceso transformador, que no solo promueve la correcta separaci\u00f3n de desechos, sino que tambi\u00e9n genera datos t\u00e9cnicos para evaluar su impacto y escalabilidad. El proyecto contempla acciones de sensibilizaci\u00f3n, fortalecimiento del rol de los recicladores y consolidaci\u00f3n de una cultura ciudadana comprometida con el ambiente.<\/p>\n<p>\u201cEstamos reutilizando el 70% de los residuos generados en Samborond\u00f3n, garantizando algo que parece b\u00e1sico: una recolecci\u00f3n sostenible para los pr\u00f3ximos 50 a\u00f1os. [\u2026] Esto permitir\u00e1 generar energ\u00eda, producir compost y, sobre<br \/>\ntodo, trabajar de la mano con la comunidad. Debemos implementar una cultura de reciclaje que sea parte de nuestra vida cotidiana,\u201d expres\u00f3 el alcalde Juan Jos\u00e9 Y\u00fanez durante el lanzamiento oficial del proyecto.<\/p>\n<p>Liderado por el Municipio de Samborond\u00f3n, Sambo Recicla cuenta con el respaldo t\u00e9cnico de Pl\u00e1sticos Industriales PICA, empresa que aporta innovaci\u00f3n, experiencia y soluciones para el manejo adecuado de desechos.<\/p>\n<p>A esta alianza se suman las directivas barriales y otros socios estrat\u00e9gicos, conformando una red colaborativa que permitir\u00e1 evaluar la factibilidad operativa del sistema, medir su impacto social y ambiental, y consolidar el<br \/>\nliderazgo del cant\u00f3n en pr\u00e1cticas sostenibles.<\/p>\n<p>La iniciativa se enmarca en los principios de econom\u00eda circular y responsabilidad compartida, promoviendo una ciudadan\u00eda m\u00e1s consciente, activa y comprometida con el futuro del entorno que habita.<\/p>\n","protected":false},"excerpt":{"rendered":"<p>Samborond\u00f3n.- Convertir a Samborond\u00f3n en un referente nacional de sostenibilidad es el prop\u00f3sito central de Samborond\u00f3n Recicla, un proyecto que busca validar un sistema de reciclaje inclusivo, eficiente y medible. La iniciativa involucra activamente a ciudadanos, recicladores y aliados estrat\u00e9gicos, y propone un modelo replicable que articula educaci\u00f3n ambiental, participaci\u00f3n comunitaria y gesti\u00f3n t\u00e9cnica de [&hellip;]<\/p>\n","protected":false},"author":2,"featured_media":37932,"comment_status":"open","ping_status":"closed","sticky":false,"template":"","format":"standard","meta":{"_jetpack_memberships_contains_paid_content":false,"footnotes":""},"categories":[13],"tags":[5998],"class_list":["post-37931","post","type-post","status-publish","format-standard","has-post-thumbnail","hentry","category-noticias-nacionales","tag-samborondon-recicla"],"jetpack_featured_media_url":"https:\/\/radiocresatelital.com\/wp-content\/uploads\/2025\/09\/Q57MZWVX5RC5XN6A2QS5ULDEGM.jpg","jetpack_sharing_enabled":true,"_links":{"self":[{"href":"https:\/\/radiocresatelital.com\/index.php?rest_route=\/wp\/v2\/posts\/37931","targetHints":{"allow":["GET"]}}],"collection":[{"href":"https:\/\/radiocresatelital.com\/index.php?rest_route=\/wp\/v2\/posts"}],"about":[{"href":"https:\/\/radiocresatelital.com\/index.php?rest_route=\/wp\/v2\/types\/post"}],"author":[{"embeddable":true,"href":"https:\/\/radiocresatelital.com\/index.php?rest_route=\/wp\/v2\/users\/2"}],"replies":[{"embeddable":true,"href":"https:\/\/radiocresatelital.com\/index.php?rest_route=%2Fwp%2Fv2%2Fcomments&post=37931"}],"version-history":[{"count":1,"href":"https:\/\/radiocresatelital.com\/index.php?rest_route=\/wp\/v2\/posts\/37931\/revisions"}],"predecessor-version":[{"id":37933,"href":"https:\/\/radiocresatelital.com\/index.php?rest_route=\/wp\/v2\/posts\/37931\/revisions\/37933"}],"wp:featuredmedia":[{"embeddable":true,"href":"https:\/\/radiocresatelital.com\/index.php?rest_route=\/wp\/v2\/media\/37932"}],"wp:attachment":[{"href":"https:\/\/radiocresatelital.com\/index.php?rest_route=%2Fwp%2Fv2%2Fmedia&parent=37931"}],"wp:term":[{"taxonomy":"category","embeddable":true,"href":"https:\/\/radiocresatelital.com\/index.php?rest_route=%2Fwp%2Fv2%2Fcategories&post=37931"},{"taxonomy":"post_tag","embeddable":true,"href":"https:\/\/radiocresatelital.com\/index.php?rest_route=%2Fwp%2Fv2%2Ftags&post=37931"}],"curies":[{"name":"wp","href":"https:\/\/api.w.org\/{rel}","templated":true}]}}