{"id":37924,"date":"2025-09-25T04:20:31","date_gmt":"2025-09-25T04:20:31","guid":{"rendered":"https:\/\/radiocresatelital.com\/?p=37924"},"modified":"2025-09-25T04:20:31","modified_gmt":"2025-09-25T04:20:31","slug":"gobernacion-del-guayas-intensifica-controles-en-montebello-y-casuarina-para-garantizar-precios-justos-y-proteger-a-las-familias","status":"publish","type":"post","link":"https:\/\/radiocresatelital.com\/?p=37924","title":{"rendered":"Gobernaci\u00f3n del Guayas intensifica controles en Montebello y Casuarina para garantizar precios justos y proteger a las familias"},"content":{"rendered":"<p>Guayaquil.- La Gobernaci\u00f3n del Guayas, bajo la conducci\u00f3n de Humberto Plaza, a trav\u00e9s de la Intendencia de Polic\u00eda y sus comisarios, ejecut\u00f3 un operativo nocturno el martes 23 de septiembre en el mercado mayorista de Montebello y, en la ma\u00f1ana de este mi\u00e9rcoles 24, reforz\u00f3 las acciones en el mercado municipal de Casuarina. Estos operativos forman parte del plan permanente de vigilancia en toda la provincia, con el fin de prevenir la especulaci\u00f3n y asegurar que los productos de primera necesidad lleguen en condiciones justas a los hogares guayasenses.<\/p>\n<p>La intendenta de Polic\u00eda, Victoria Villa, destac\u00f3 que en Montebello se constat\u00f3 un abastecimiento suficiente de alimentos, incluso con precios por debajo de los oficiales publicados en el Sistema de Informaci\u00f3n P\u00fablica Agropecuaria (SIPA). \u201cEl saco de papa que d\u00edas atr\u00e1s costaba 35 d\u00f3lares, hoy lo encontramos en 32. La libra se mantiene en 40 centavos. Esto demuestra que hay producto en cantidad suficiente y que no existe riesgo de desabastecimiento\u201d, se\u00f1al\u00f3.<\/p>\n<p>Durante la inspecci\u00f3n se detectaron abusos en el cobro de fletes por parte de algunos transportistas que trasladan productos desde la Sierra. \u201cNo vamos a permitir que se pretenda encarecer los precios a costa del bolsillo de los guayasenses. Estamos coordinando con las intendencias de otras provincias para sancionar estas pr\u00e1cticas abusivas y proteger la cadena de distribuci\u00f3n\u201d, enfatiz\u00f3 Villa.<\/p>\n<p>La autoridad tambi\u00e9n aclar\u00f3 que la paralizaci\u00f3n ind\u00edgena derivada de la eliminaci\u00f3n del subsidio al di\u00e9sel no ha incidido en el normal abastecimiento de los mercados. \u201cSi realmente hubiera afectaci\u00f3n, los mercados estar\u00edan vac\u00edos; sin embargo, lo que hemos constatado es que hay productos suficientes tanto en Montebello como en los mercados minoristas\u201d, puntualiz\u00f3.<\/p>\n<p>En el sector de Casuarina, desde las primeras horas de la ma\u00f1ana de este mi\u00e9rcoles, los equipos de la Intendencia verificaron precios, peso, calidad e<br \/>\nhigiene en los puestos de expendio, atendiendo denuncias ciudadanas ingresadas a la aplicaci\u00f3n del Ministerio de Gobierno. \u201cSeguimos en pie de<br \/>\nlucha. Nuestro trabajo es cuidar que los precios se mantengan estables y que las familias puedan acceder a alimentos de calidad\u201d, expres\u00f3 Villa durante el operativo.<\/p>\n<p>Estas acciones se enmarcan en la pol\u00edtica del Gobierno Nacional, liderado por el presidente Daniel Noboa Az\u00edn, de construir un Nuevo Ecuador con justicia econ\u00f3mica, seguridad alimentaria y bienestar para todas las familias<\/p>\n","protected":false},"excerpt":{"rendered":"<p>Guayaquil.- La Gobernaci\u00f3n del Guayas, bajo la conducci\u00f3n de Humberto Plaza, a trav\u00e9s de la Intendencia de Polic\u00eda y sus comisarios, ejecut\u00f3 un operativo nocturno el martes 23 de septiembre en el mercado mayorista de Montebello y, en la ma\u00f1ana de este mi\u00e9rcoles 24, reforz\u00f3 las acciones en el mercado municipal de Casuarina. Estos operativos [&hellip;]<\/p>\n","protected":false},"author":2,"featured_media":37925,"comment_status":"open","ping_status":"closed","sticky":false,"template":"","format":"standard","meta":{"_jetpack_memberships_contains_paid_content":false,"footnotes":""},"categories":[1],"tags":[964,1525],"class_list":["post-37924","post","type-post","status-publish","format-standard","has-post-thumbnail","hentry","category-publicidad","tag-gobernacion-del-guayas","tag-humberto-plaza"],"jetpack_featured_media_url":"https:\/\/radiocresatelital.com\/wp-content\/uploads\/2025\/09\/WhatsApp-Image-2025-09-24-at-19.30.27.jpeg","jetpack_sharing_enabled":true,"_links":{"self":[{"href":"https:\/\/radiocresatelital.com\/index.php?rest_route=\/wp\/v2\/posts\/37924","targetHints":{"allow":["GET"]}}],"collection":[{"href":"https:\/\/radiocresatelital.com\/index.php?rest_route=\/wp\/v2\/posts"}],"about":[{"href":"https:\/\/radiocresatelital.com\/index.php?rest_route=\/wp\/v2\/types\/post"}],"author":[{"embeddable":true,"href":"https:\/\/radiocresatelital.com\/index.php?rest_route=\/wp\/v2\/users\/2"}],"replies":[{"embeddable":true,"href":"https:\/\/radiocresatelital.com\/index.php?rest_route=%2Fwp%2Fv2%2Fcomments&post=37924"}],"version-history":[{"count":1,"href":"https:\/\/radiocresatelital.com\/index.php?rest_route=\/wp\/v2\/posts\/37924\/revisions"}],"predecessor-version":[{"id":37926,"href":"https:\/\/radiocresatelital.com\/index.php?rest_route=\/wp\/v2\/posts\/37924\/revisions\/37926"}],"wp:featuredmedia":[{"embeddable":true,"href":"https:\/\/radiocresatelital.com\/index.php?rest_route=\/wp\/v2\/media\/37925"}],"wp:attachment":[{"href":"https:\/\/radiocresatelital.com\/index.php?rest_route=%2Fwp%2Fv2%2Fmedia&parent=37924"}],"wp:term":[{"taxonomy":"category","embeddable":true,"href":"https:\/\/radiocresatelital.com\/index.php?rest_route=%2Fwp%2Fv2%2Fcategories&post=37924"},{"taxonomy":"post_tag","embeddable":true,"href":"https:\/\/radiocresatelital.com\/index.php?rest_route=%2Fwp%2Fv2%2Ftags&post=37924"}],"curies":[{"name":"wp","href":"https:\/\/api.w.org\/{rel}","templated":true}]}}