{"id":37905,"date":"2025-09-24T18:43:36","date_gmt":"2025-09-24T18:43:36","guid":{"rendered":"https:\/\/radiocresatelital.com\/?p=37905"},"modified":"2025-09-24T21:45:14","modified_gmt":"2025-09-24T21:45:14","slug":"solarteam-entrega-planta-solar-que-abastecera-a-solca-quito-con-energia-limpia","status":"publish","type":"post","link":"https:\/\/radiocresatelital.com\/?p=37905","title":{"rendered":"SolarTeam entrega planta solar que abastecer\u00e1 a SOLCA Quito con energ\u00eda limpia"},"content":{"rendered":"<p>Quito.- SolarTeam, empresa l\u00edder en soluciones fotovoltaicas en Ecuador, entreg\u00f3 oficialmente a SOLCA Quito una planta solar de generaci\u00f3n distribuida con modalidad remota, dise\u00f1ada para el autoabastecimiento energ\u00e9tico del hospital.<\/p>\n<p>La planta tiene una capacidad instalada de 2555,28 kWp y est\u00e1 compuesta por 4368 paneles fotovoltaicos bifaciales, conectados a 6 inversores de 330 kW string, montados sobre una estructura alemana monoposte Jurgen PEG. El sistema ocupa una superficie de aproximadamente 12.000 metros cuadrados.<\/p>\n<p>\u201cNos sentimos profundamente orgullosos de entregar este proyecto que representa una transformaci\u00f3n energ\u00e9tica real. Este tipo de soluciones son clave para avanzar hacia un modelo m\u00e1s limpio, eficiente y responsable\u201d, se\u00f1al\u00f3 Pablo L\u00f3pez, CEO de Solar Team.<\/p>\n<p>El proyecto tuvo una duraci\u00f3n de 4 meses hasta su entrega oficial. Durante el \u00faltimo mes, se realizaron las pruebas correspondientes en coordinaci\u00f3n con la Empresa El\u00e9ctrica Quito. La planta contribuir\u00e1 a la diversificaci\u00f3n de la matriz energ\u00e9tica del pa\u00eds y a la reducci\u00f3n de la huella de carbono del hospital, al evitar el uso de fuentes f\u00f3siles para su operaci\u00f3n diaria.<\/p>\n<p>Esta entrega reafirma el liderazgo de Solar Team en soluciones energ\u00e9ticas sostenibles y su compromiso con impulsar una transici\u00f3n hacia fuentes limpias y eficientes en sectores clave como la salud. \u201cCon esta planta solara portamos a la eficiencia operativa de un hospital fundamental para el pa\u00eds y tambi\u00e9n demostramos que la sostenibilidad en el sector salud es posible y necesaria\u201d, finaliz\u00f3 el CEO.<\/p>\n","protected":false},"excerpt":{"rendered":"<p>Quito.- SolarTeam, empresa l\u00edder en soluciones fotovoltaicas en Ecuador, entreg\u00f3 oficialmente a SOLCA Quito una planta solar de generaci\u00f3n distribuida con modalidad remota, dise\u00f1ada para el autoabastecimiento energ\u00e9tico del hospital. La planta tiene una capacidad instalada de 2555,28 kWp y est\u00e1 compuesta por 4368 paneles fotovoltaicos bifaciales, conectados a 6 inversores de 330 kW string, [&hellip;]<\/p>\n","protected":false},"author":2,"featured_media":37906,"comment_status":"open","ping_status":"closed","sticky":false,"template":"","format":"standard","meta":{"_jetpack_memberships_contains_paid_content":false,"footnotes":""},"categories":[13],"tags":[5995,1021],"class_list":["post-37905","post","type-post","status-publish","format-standard","has-post-thumbnail","hentry","category-noticias-nacionales","tag-solarteam","tag-solca-quito"],"jetpack_featured_media_url":"https:\/\/radiocresatelital.com\/wp-content\/uploads\/2025\/09\/WhatsApp-Image-2025-09-24-at-16.43.11.jpeg","jetpack_sharing_enabled":true,"_links":{"self":[{"href":"https:\/\/radiocresatelital.com\/index.php?rest_route=\/wp\/v2\/posts\/37905","targetHints":{"allow":["GET"]}}],"collection":[{"href":"https:\/\/radiocresatelital.com\/index.php?rest_route=\/wp\/v2\/posts"}],"about":[{"href":"https:\/\/radiocresatelital.com\/index.php?rest_route=\/wp\/v2\/types\/post"}],"author":[{"embeddable":true,"href":"https:\/\/radiocresatelital.com\/index.php?rest_route=\/wp\/v2\/users\/2"}],"replies":[{"embeddable":true,"href":"https:\/\/radiocresatelital.com\/index.php?rest_route=%2Fwp%2Fv2%2Fcomments&post=37905"}],"version-history":[{"count":1,"href":"https:\/\/radiocresatelital.com\/index.php?rest_route=\/wp\/v2\/posts\/37905\/revisions"}],"predecessor-version":[{"id":37907,"href":"https:\/\/radiocresatelital.com\/index.php?rest_route=\/wp\/v2\/posts\/37905\/revisions\/37907"}],"wp:featuredmedia":[{"embeddable":true,"href":"https:\/\/radiocresatelital.com\/index.php?rest_route=\/wp\/v2\/media\/37906"}],"wp:attachment":[{"href":"https:\/\/radiocresatelital.com\/index.php?rest_route=%2Fwp%2Fv2%2Fmedia&parent=37905"}],"wp:term":[{"taxonomy":"category","embeddable":true,"href":"https:\/\/radiocresatelital.com\/index.php?rest_route=%2Fwp%2Fv2%2Fcategories&post=37905"},{"taxonomy":"post_tag","embeddable":true,"href":"https:\/\/radiocresatelital.com\/index.php?rest_route=%2Fwp%2Fv2%2Ftags&post=37905"}],"curies":[{"name":"wp","href":"https:\/\/api.w.org\/{rel}","templated":true}]}}