{"id":37898,"date":"2025-09-24T17:26:12","date_gmt":"2025-09-24T17:26:12","guid":{"rendered":"https:\/\/radiocresatelital.com\/?p=37898"},"modified":"2025-09-24T21:27:30","modified_gmt":"2025-09-24T21:27:30","slug":"jetour-redefine-el-lujo-inteligente-en-automundo-2025","status":"publish","type":"post","link":"https:\/\/radiocresatelital.com\/?p=37898","title":{"rendered":"Jetour redefine el lujo inteligente en Automundo 2025"},"content":{"rendered":"<p>Quito.- En Automundo 2025, la feria automotriz m\u00e1s importante del pa\u00eds, Jetour cautiv\u00f3 al p\u00fablico al presentar modelos que reflejan la perfecta uni\u00f3n entre tecnolog\u00eda avanzada, sostenibilidad y un lujo pensado para elevar cada trayecto. La marca demostr\u00f3 que la movilidad del futuro no solo se mide en eficiencia, sino tambi\u00e9n en experiencias exclusivas que despiertan emociones.<\/p>\n<p>El Jetour T1 impresion\u00f3 con su dise\u00f1o de l\u00edneas sofisticadas y un interior amplio que transmite distinci\u00f3n desde el primer contacto. Los acabados de nivel premium, la atenci\u00f3n al detalle y su equipamiento de \u00faltima generaci\u00f3n convierten cada recorrido en un espacio de confort total. Su habit\u00e1culo ofrece una atm\u00f3sfera de refinamiento, donde la conectividad intuitiva y los sistemas de asistencia al conductor no son simples complementos, sino una extensi\u00f3n del estilo de vida moderno y elegante.<\/p>\n<p>El gran protagonista fue el Jetour T2 Plug-in Hybrid (PHEV), un SUV que eleva la categor\u00eda con una propuesta de lujo inteligente. Su interior combina materiales de alta gama, iluminaci\u00f3n ambiental personalizable y asientos ergon\u00f3micos con ventilaci\u00f3n y calefacci\u00f3n, dise\u00f1ados para brindar m\u00e1ximo confort en cualquier clima. A ello se suma un sistema de infoentretenimiento con pantallas panor\u00e1micas de alta resoluci\u00f3n, que ofrece a conductor y pasajeros una experiencia envolvente propia de un veh\u00edculo de clase superior.<\/p>\n<p>En el exterior, el T2 PHEV proyecta car\u00e1cter y exclusividad gracias a su dise\u00f1o robusto y elegante, con detalles que transmiten sofisticaci\u00f3n en cada \u00e1ngulo. Adem\u00e1s, su tecnolog\u00eda h\u00edbrida enchufable permite recorrer trayectos urbanos en modo totalmente el\u00e9ctrico, ofreciendo eficiencia energ\u00e9tica y reducci\u00f3n de emisiones sin renunciar a la potencia ni a la comodidad que distinguen a un SUV de lujo.<\/p>\n<p>Durante Automundo 2025, Jetour ofreci\u00f3 a los visitantes beneficios exclusivos, planes preferenciales y asesor\u00eda personalizada, vigentes \u00fanicamente hasta el domingo 21 de septiembre. Fue una oportunidad \u00fanica para quienes quisieron acceder a veh\u00edculos que elevaron el concepto de movilidad a un nivel superior.<\/p>\n<p>Con su participaci\u00f3n, Jetour se consolida como una marca que redefine el lujo accesible en el Ecuador, ofreciendo experiencias de conducci\u00f3n que integran tecnolog\u00eda de vanguardia, confort exclusivo y una visi\u00f3n de futuro sostenible.<\/p>\n","protected":false},"excerpt":{"rendered":"<p>Quito.- En Automundo 2025, la feria automotriz m\u00e1s importante del pa\u00eds, Jetour cautiv\u00f3 al p\u00fablico al presentar modelos que reflejan la perfecta uni\u00f3n entre tecnolog\u00eda avanzada, sostenibilidad y un lujo pensado para elevar cada trayecto. La marca demostr\u00f3 que la movilidad del futuro no solo se mide en eficiencia, sino tambi\u00e9n en experiencias exclusivas que [&hellip;]<\/p>\n","protected":false},"author":2,"featured_media":37899,"comment_status":"open","ping_status":"closed","sticky":false,"template":"","format":"standard","meta":{"_jetpack_memberships_contains_paid_content":false,"footnotes":""},"categories":[1],"tags":[5974,5045],"class_list":["post-37898","post","type-post","status-publish","format-standard","has-post-thumbnail","hentry","category-publicidad","tag-automundo-2025","tag-jetour"],"jetpack_featured_media_url":"https:\/\/radiocresatelital.com\/wp-content\/uploads\/2025\/09\/WhatsApp-Image-2025-09-24-at-13.12.23.jpeg","jetpack_sharing_enabled":true,"_links":{"self":[{"href":"https:\/\/radiocresatelital.com\/index.php?rest_route=\/wp\/v2\/posts\/37898","targetHints":{"allow":["GET"]}}],"collection":[{"href":"https:\/\/radiocresatelital.com\/index.php?rest_route=\/wp\/v2\/posts"}],"about":[{"href":"https:\/\/radiocresatelital.com\/index.php?rest_route=\/wp\/v2\/types\/post"}],"author":[{"embeddable":true,"href":"https:\/\/radiocresatelital.com\/index.php?rest_route=\/wp\/v2\/users\/2"}],"replies":[{"embeddable":true,"href":"https:\/\/radiocresatelital.com\/index.php?rest_route=%2Fwp%2Fv2%2Fcomments&post=37898"}],"version-history":[{"count":1,"href":"https:\/\/radiocresatelital.com\/index.php?rest_route=\/wp\/v2\/posts\/37898\/revisions"}],"predecessor-version":[{"id":37900,"href":"https:\/\/radiocresatelital.com\/index.php?rest_route=\/wp\/v2\/posts\/37898\/revisions\/37900"}],"wp:featuredmedia":[{"embeddable":true,"href":"https:\/\/radiocresatelital.com\/index.php?rest_route=\/wp\/v2\/media\/37899"}],"wp:attachment":[{"href":"https:\/\/radiocresatelital.com\/index.php?rest_route=%2Fwp%2Fv2%2Fmedia&parent=37898"}],"wp:term":[{"taxonomy":"category","embeddable":true,"href":"https:\/\/radiocresatelital.com\/index.php?rest_route=%2Fwp%2Fv2%2Fcategories&post=37898"},{"taxonomy":"post_tag","embeddable":true,"href":"https:\/\/radiocresatelital.com\/index.php?rest_route=%2Fwp%2Fv2%2Ftags&post=37898"}],"curies":[{"name":"wp","href":"https:\/\/api.w.org\/{rel}","templated":true}]}}