{"id":37895,"date":"2025-09-24T18:24:17","date_gmt":"2025-09-24T18:24:17","guid":{"rendered":"https:\/\/radiocresatelital.com\/?p=37895"},"modified":"2025-09-24T21:25:42","modified_gmt":"2025-09-24T21:25:42","slug":"banco-internacional-transforma-espacios-educativos-y-beneficia-a-mas-de-2-000-estudiantes-en-guayaquil","status":"publish","type":"post","link":"https:\/\/radiocresatelital.com\/?p=37895","title":{"rendered":"Banco Internacional transforma espacios educativos y beneficia a m\u00e1s de 2.000 estudiantes en Guayaquil"},"content":{"rendered":"<p>Guayaquil.- En l\u00ednea con su compromiso de aportar al desarrollo sostenible y fortalecer la educaci\u00f3n en el pa\u00eds, Banco Internacional realiz\u00f3 una jornada de voluntariado en conjunto con Unidos por la Educaci\u00f3n a la Unidad Educativa Oth\u00f3n Castillo, ubicada en Guayaquil.<\/p>\n<p>La jornada reuni\u00f3 a 20 voluntarios, entre colaboradores del Banco y sus familias, junto a madres de familia, docentes y la rectora de la instituci\u00f3n, unieron esfuerzos para hacer posible esta iniciativa.<\/p>\n<p>Durante la actividad, se equip\u00f3 el centro de c\u00f3mputo de la instituci\u00f3n, que ahora cuenta con nuevo mobiliario con 10 computadoras. Adem\u00e1s, se repintaron y rehabilitaron la zona de bar y la bodega, espacios listos para el aprovechamiento de la comunidad educativa. Estas mejoras benefician directamente a 2.092 estudiantes y 63 docentes, fortaleciendo as\u00ed su experiencia de aprendizaje y ense\u00f1anza.<\/p>\n<p>\u201cEstamos convencidos de que la educaci\u00f3n es el primer paso para SER M\u00c1S. Por eso, reafirmamos nuestro compromiso de transformar la educaci\u00f3n en el pa\u00eds, fortaleciendo la infraestructura, innovando en la metodolog\u00eda y potenciando la capacitaci\u00f3n docente.\u201d coment\u00f3 George Lalama, Vicepresidente Ejecutivo de Banco Internacional.<\/p>\n<p>\u201cLa jornada de voluntariado en la E.E.B. Oth\u00f3n Castillo V\u00e9lez es un testimonio vibrante de lo que podemos lograr juntos. El equipo de voluntarios del Banco Internacional trabaj\u00f3 en el mantenimiento de espacios, llenando de color las paredes con pintura y fortaleciendo su centro de c\u00f3mputo con la donaci\u00f3n de 10 laptops. Cada esfuerzo, cada hora dedicada por nuestros voluntarios, se traduce directamente en un entorno m\u00e1s propicio para el aprendizaje y el desarrollo de los estudiantes. Esta gesti\u00f3n en Oth\u00f3n Castillo V\u00e9lez es un claro reflejo de c\u00f3mo la acci\u00f3n voluntaria y el compromiso de nuestro aliado, Banco Internacional genera un impacto real y duradero en la educaci\u00f3n.\u201d Juan Pablo Guerrero Director Ejecutivo de Unidos por la Educaci\u00f3n.<\/p>\n<p>Con estas acciones, Banco Internacional fortalece su compromiso de contribuir activamente al desarrollo de Ecuador en diversos \u00e1mbitos. Con este tipo de iniciativas la entidad busca generar un impacto positivo y perdurable en la sociedad ecuatoriana.<\/p>\n","protected":false},"excerpt":{"rendered":"<p>Guayaquil.- En l\u00ednea con su compromiso de aportar al desarrollo sostenible y fortalecer la educaci\u00f3n en el pa\u00eds, Banco Internacional realiz\u00f3 una jornada de voluntariado en conjunto con Unidos por la Educaci\u00f3n a la Unidad Educativa Oth\u00f3n Castillo, ubicada en Guayaquil. La jornada reuni\u00f3 a 20 voluntarios, entre colaboradores del Banco y sus familias, junto [&hellip;]<\/p>\n","protected":false},"author":2,"featured_media":37896,"comment_status":"open","ping_status":"closed","sticky":false,"template":"","format":"standard","meta":{"_jetpack_memberships_contains_paid_content":false,"footnotes":""},"categories":[13],"tags":[5994],"class_list":["post-37895","post","type-post","status-publish","format-standard","has-post-thumbnail","hentry","category-noticias-nacionales","tag-unidos-por-la-educacion-a-la-unidad-educativa-othon-castillo"],"jetpack_featured_media_url":"https:\/\/radiocresatelital.com\/wp-content\/uploads\/2025\/09\/Voluntariado-BI.jpeg","jetpack_sharing_enabled":true,"_links":{"self":[{"href":"https:\/\/radiocresatelital.com\/index.php?rest_route=\/wp\/v2\/posts\/37895","targetHints":{"allow":["GET"]}}],"collection":[{"href":"https:\/\/radiocresatelital.com\/index.php?rest_route=\/wp\/v2\/posts"}],"about":[{"href":"https:\/\/radiocresatelital.com\/index.php?rest_route=\/wp\/v2\/types\/post"}],"author":[{"embeddable":true,"href":"https:\/\/radiocresatelital.com\/index.php?rest_route=\/wp\/v2\/users\/2"}],"replies":[{"embeddable":true,"href":"https:\/\/radiocresatelital.com\/index.php?rest_route=%2Fwp%2Fv2%2Fcomments&post=37895"}],"version-history":[{"count":1,"href":"https:\/\/radiocresatelital.com\/index.php?rest_route=\/wp\/v2\/posts\/37895\/revisions"}],"predecessor-version":[{"id":37897,"href":"https:\/\/radiocresatelital.com\/index.php?rest_route=\/wp\/v2\/posts\/37895\/revisions\/37897"}],"wp:featuredmedia":[{"embeddable":true,"href":"https:\/\/radiocresatelital.com\/index.php?rest_route=\/wp\/v2\/media\/37896"}],"wp:attachment":[{"href":"https:\/\/radiocresatelital.com\/index.php?rest_route=%2Fwp%2Fv2%2Fmedia&parent=37895"}],"wp:term":[{"taxonomy":"category","embeddable":true,"href":"https:\/\/radiocresatelital.com\/index.php?rest_route=%2Fwp%2Fv2%2Fcategories&post=37895"},{"taxonomy":"post_tag","embeddable":true,"href":"https:\/\/radiocresatelital.com\/index.php?rest_route=%2Fwp%2Fv2%2Ftags&post=37895"}],"curies":[{"name":"wp","href":"https:\/\/api.w.org\/{rel}","templated":true}]}}