{"id":37886,"date":"2025-09-24T21:00:25","date_gmt":"2025-09-24T21:00:25","guid":{"rendered":"https:\/\/radiocresatelital.com\/?p=37886"},"modified":"2025-09-24T21:00:35","modified_gmt":"2025-09-24T21:00:35","slug":"guayaquil-proyecta-su-desarrollo-con-plan-integral-2050-y-licitacion-del-nuevo-aeropuerto-en-daular","status":"publish","type":"post","link":"https:\/\/radiocresatelital.com\/?p=37886","title":{"rendered":"Guayaquil proyecta su desarrollo con Plan Integral 2050 y licitaci\u00f3n del nuevo aeropuerto en Daular"},"content":{"rendered":"<p>Guayaquil.- Durante el enlace radial de este mi\u00e9rcoles 24 de septiembre, el alcalde Aquiles Alvarez inform\u00f3 que Guayaquil se encamina hacia un crecimiento ordenado con la implementaci\u00f3n del Plan Integral de Guayaquil 2050, una hoja de ruta que guiar\u00e1 la transformaci\u00f3n urban\u00edstica, econ\u00f3mica y social de la ciudad durante las pr\u00f3ximas d\u00e9cadas, con especial atenci\u00f3n en la zona de influencia del nuevo aeropuerto en Daular.<\/p>\n<p>\u201cNosotros lo hemos desarrollado, va a estar en un proceso de contrataci\u00f3n el pr\u00f3ximo a\u00f1o, tiene un presupuesto de USD 5 millones, un plan integral que se llama: Plan Integral de Guayaquil 2050 que te marca el desarrollo de Guayaquil hasta el 2050, incluyendo la zona de influencia y de desarrollo del entorno del nuevo aeropuerto de Guayaquil\u201d, afirm\u00f3 el Burgomaestre.<\/p>\n<p>El nuevo aeropuerto internacional de Daular, proyecto con m\u00e1s de 50 a\u00f1os de planificaci\u00f3n, entrar\u00e1 pronto en proceso de licitaci\u00f3n p\u00fablica. En los pr\u00f3ximos meses se emitir\u00e1 el documento desencadenante que marcar\u00e1 formalmente el inicio de la concesi\u00f3n. \u201cSeguramente muchas empresas internacionales, incluyendo la empresa actual que tiene la concesi\u00f3n del Jos\u00e9 Joaqu\u00edn de Olmedo, va a querer participar (\u2026) La licitaci\u00f3n va a ser abierta para el que quiera participar y ganar\u00e1 el mejor con un concurso p\u00fablico\u201d, agreg\u00f3 Alvarez.<\/p>\n<p>Adicional, destac\u00f3 que este proyecto, llamado a consolidar a Guayaquil como hub log\u00edstico y de conectividad regional, ya despierta el inter\u00e9s de operadores globales como la coreana KOTRA, adem\u00e1s de la actual concesionaria, TAGSA. Record\u00f3 tambi\u00e9n que en Daular se han invertido m\u00e1s de USD 49 millones en estudios y USD 120 millones en<br \/>\nobras para su desarrollo, mientras que el fideicomiso aeroportuario suma m\u00e1s de USD 352 millones en recursos l\u00edquidos.<\/p>\n<p>Paralelamente, el Municipio impulsa un master plan de renovaci\u00f3n del casco hist\u00f3rico, elaborado por el reconocido urbanista Jeff Speck. El proyecto contempla cambios normativos que incentiven la inversi\u00f3n inmobiliaria, creaci\u00f3n de m\u00e1s \u00e1reas verdes y recuperaci\u00f3n de espacios abandonados. Como parte de este proceso, ya se rescat\u00f3 el edificio del antiguo Club de la Uni\u00f3n, que funcionar\u00e1 como la galer\u00eda cultural \u201cJos\u00e9 Joaqu\u00edn de Olmedo\u201d.<\/p>\n<p>En materia de infraestructura social, el Burgomaestre anunci\u00f3 la construcci\u00f3n de nuevas b\u00f3vedas en cementerios municipales, a trav\u00e9s del fortalecimiento de DASE EP, para atender la creciente demanda en la ciudad.<\/p>\n<p>El \u00e1mbito deportivo tambi\u00e9n forma parte de la planificaci\u00f3n. Con miras a 2026, a\u00f1o en que Guayaquil ostentar\u00e1 el t\u00edtulo de Capital Americana del Deporte, se incrementar\u00e1 de manera significativa el presupuesto de la Direcci\u00f3n General del Deporte. \u201cNosotros fortalecimos al principio el f\u00fatbol con Diario El Universo y su Interbarrial que despu\u00e9s aumentamos a m\u00e1s disciplinas (\u2026) solo en f\u00fatbol impactamos a m\u00e1s de 45.000 ni\u00f1os\u201d, destac\u00f3 el Alcalde.<\/p>\n<p>En este contexto, el pr\u00f3ximo 5 de octubre se realizar\u00e1 la tradicional Marat\u00f3n de Guayaquil en distancias de 5K, 12K, 21K y 42K.<\/p>\n<p>Finalmente, Alvarez se refiri\u00f3 a la situaci\u00f3n financiera del Municipio y los retrasos en las transferencias del Gobierno Nacional, que adeuda alrededor de USD 50 millones en rentas. \u201cAfecta mucho en el flujo, hemos tenido un entendimiento importante por parte de los contratistas, por parte de los proveedores, entienden que esa es la realidad del Municipio, del pa\u00eds, de pagar con bonos\u201d, puntualiz\u00f3.<\/p>\n","protected":false},"excerpt":{"rendered":"<p>Guayaquil.- Durante el enlace radial de este mi\u00e9rcoles 24 de septiembre, el alcalde Aquiles Alvarez inform\u00f3 que Guayaquil se encamina hacia un crecimiento ordenado con la implementaci\u00f3n del Plan Integral de Guayaquil 2050, una hoja de ruta que guiar\u00e1 la transformaci\u00f3n urban\u00edstica, econ\u00f3mica y social de la ciudad durante las pr\u00f3ximas d\u00e9cadas, con especial atenci\u00f3n [&hellip;]<\/p>\n","protected":false},"author":2,"featured_media":37887,"comment_status":"open","ping_status":"closed","sticky":false,"template":"","format":"standard","meta":{"_jetpack_memberships_contains_paid_content":false,"footnotes":""},"categories":[33,13],"tags":[1519,5992],"class_list":["post-37886","post","type-post","status-publish","format-standard","has-post-thumbnail","hentry","category-guayaquil","category-noticias-nacionales","tag-alcalde-aquiles-alvarez","tag-plan-integral-de-guayaquil-2050"],"jetpack_featured_media_url":"https:\/\/radiocresatelital.com\/wp-content\/uploads\/2025\/09\/1-7-scaled.jpeg","jetpack_sharing_enabled":true,"_links":{"self":[{"href":"https:\/\/radiocresatelital.com\/index.php?rest_route=\/wp\/v2\/posts\/37886","targetHints":{"allow":["GET"]}}],"collection":[{"href":"https:\/\/radiocresatelital.com\/index.php?rest_route=\/wp\/v2\/posts"}],"about":[{"href":"https:\/\/radiocresatelital.com\/index.php?rest_route=\/wp\/v2\/types\/post"}],"author":[{"embeddable":true,"href":"https:\/\/radiocresatelital.com\/index.php?rest_route=\/wp\/v2\/users\/2"}],"replies":[{"embeddable":true,"href":"https:\/\/radiocresatelital.com\/index.php?rest_route=%2Fwp%2Fv2%2Fcomments&post=37886"}],"version-history":[{"count":1,"href":"https:\/\/radiocresatelital.com\/index.php?rest_route=\/wp\/v2\/posts\/37886\/revisions"}],"predecessor-version":[{"id":37888,"href":"https:\/\/radiocresatelital.com\/index.php?rest_route=\/wp\/v2\/posts\/37886\/revisions\/37888"}],"wp:featuredmedia":[{"embeddable":true,"href":"https:\/\/radiocresatelital.com\/index.php?rest_route=\/wp\/v2\/media\/37887"}],"wp:attachment":[{"href":"https:\/\/radiocresatelital.com\/index.php?rest_route=%2Fwp%2Fv2%2Fmedia&parent=37886"}],"wp:term":[{"taxonomy":"category","embeddable":true,"href":"https:\/\/radiocresatelital.com\/index.php?rest_route=%2Fwp%2Fv2%2Fcategories&post=37886"},{"taxonomy":"post_tag","embeddable":true,"href":"https:\/\/radiocresatelital.com\/index.php?rest_route=%2Fwp%2Fv2%2Ftags&post=37886"}],"curies":[{"name":"wp","href":"https:\/\/api.w.org\/{rel}","templated":true}]}}