{"id":37883,"date":"2025-09-24T20:56:53","date_gmt":"2025-09-24T20:56:53","guid":{"rendered":"https:\/\/radiocresatelital.com\/?p=37883"},"modified":"2025-09-24T20:57:03","modified_gmt":"2025-09-24T20:57:03","slug":"daular-zona-estrategica-para-el-nuevo-aeropuerto","status":"publish","type":"post","link":"https:\/\/radiocresatelital.com\/?p=37883","title":{"rendered":"Daular, zona estrat\u00e9gica para el nuevo aeropuerto"},"content":{"rendered":"<p>Guayaquil.- Que la Perla del Pac\u00edfico, Guayaquil se convierta en la puerta de entrada de Asia a Sudam\u00e9rica es la visi\u00f3n que proyecta Corea del Sur con el Nuevo Aeropuerto Internacional de Daular. La Agencia de Comercio e Inversi\u00f3n Surcoreana (KOTRA) present\u00f3 los resultados del segundo a\u00f1o de estudios realizados en el marco de un convenio de cooperaci\u00f3n con el Municipio.<\/p>\n<p>El proyecto va m\u00e1s all\u00e1 de una terminal a\u00e9rea: propone un ecosistema urbano integrado, que incluir\u00e1 zonas residenciales, industriales, comerciales y culturales, todas conectadas mediante una red de movilidad inteligente.<\/p>\n<p>Detr\u00e1s de esta iniciativa trabaja un equipo internacional de especialistas. El dise\u00f1o urbano est\u00e1 liderado por la firma surcoreana Yooshin, reconocida por su experiencia en proyectos de gran escala en Asia y Oriente Medio, mientras que el modelo de operaci\u00f3n ser\u00e1 gestionado por Incheon Airport, considerado uno de los aeropuertos m\u00e1s eficientes<br \/>\ny conectados del mundo.<\/p>\n<p>Los t\u00e9cnicos coreanos destacan que Guayaquil posee condiciones comparables a las que permitieron a Se\u00fal convertirse en un hub log\u00edstico de Asia: un aeropuerto cercano a un puerto de aguas profundas y una ubicaci\u00f3n estrat\u00e9gica en el extremo occidental del sur del continente. Con esta base, Daular se proyecta como un enclave estrat\u00e9gico en el Pac\u00edfico.<\/p>\n<p>\u201cConociendo el potencial de crecimiento futuro, podemos considerar que puede cumplir una funci\u00f3n muy importante en el desarrollo de la log\u00edstica del Oc\u00e9ano Pac\u00edfico. Para ello se requiere aeropuerto, puerto, y una conexi\u00f3n entre ellos para poder ser el centro de la log\u00edstica, transporte e industria de Latinoam\u00e9rica\u201d, sostuvo Park Yongho, investigador de Yooshin.<\/p>\n<p>La propuesta tambi\u00e9n se inspira en experiencias exitosas de Singapur y Hong Kong, donde aeropuertos de gran magnitud se integraron a nuevas ciudades y polos de desarrollo bajo estrictos est\u00e1ndares ambientales. El objetivo es replicar en Guayaquil un esquema que combine expansi\u00f3n aeroportuaria y sostenibilidad.<\/p>\n<p>Con este enfoque, el Nuevo Aeropuerto de Daular se planifica como un aeropuerto intercontinental, bajo la visi\u00f3n y experiencia surcoreana. Su concreci\u00f3n podr\u00eda redefinir el papel de Guayaquil en la regi\u00f3n y contribuir al desarrollo econ\u00f3mico de todo el pa\u00eds.<\/p>\n","protected":false},"excerpt":{"rendered":"<p>Guayaquil.- Que la Perla del Pac\u00edfico, Guayaquil se convierta en la puerta de entrada de Asia a Sudam\u00e9rica es la visi\u00f3n que proyecta Corea del Sur con el Nuevo Aeropuerto Internacional de Daular. La Agencia de Comercio e Inversi\u00f3n Surcoreana (KOTRA) present\u00f3 los resultados del segundo a\u00f1o de estudios realizados en el marco de un [&hellip;]<\/p>\n","protected":false},"author":2,"featured_media":37884,"comment_status":"open","ping_status":"closed","sticky":false,"template":"","format":"standard","meta":{"_jetpack_memberships_contains_paid_content":false,"footnotes":""},"categories":[33,13],"tags":[5991,5990],"class_list":["post-37883","post","type-post","status-publish","format-standard","has-post-thumbnail","hentry","category-guayaquil","category-noticias-nacionales","tag-agencia-de-comercio-e-inversion-surcoreana","tag-nuevo-aeropuerto-internacional-de-daular"],"jetpack_featured_media_url":"https:\/\/radiocresatelital.com\/wp-content\/uploads\/2025\/09\/GUAYAQUIL-SMART-CITY-Programa-EIPP-VIERNES-19-SEPTIEMBRE-2025-JG_031A2973-scaled.jpg","jetpack_sharing_enabled":true,"_links":{"self":[{"href":"https:\/\/radiocresatelital.com\/index.php?rest_route=\/wp\/v2\/posts\/37883","targetHints":{"allow":["GET"]}}],"collection":[{"href":"https:\/\/radiocresatelital.com\/index.php?rest_route=\/wp\/v2\/posts"}],"about":[{"href":"https:\/\/radiocresatelital.com\/index.php?rest_route=\/wp\/v2\/types\/post"}],"author":[{"embeddable":true,"href":"https:\/\/radiocresatelital.com\/index.php?rest_route=\/wp\/v2\/users\/2"}],"replies":[{"embeddable":true,"href":"https:\/\/radiocresatelital.com\/index.php?rest_route=%2Fwp%2Fv2%2Fcomments&post=37883"}],"version-history":[{"count":1,"href":"https:\/\/radiocresatelital.com\/index.php?rest_route=\/wp\/v2\/posts\/37883\/revisions"}],"predecessor-version":[{"id":37885,"href":"https:\/\/radiocresatelital.com\/index.php?rest_route=\/wp\/v2\/posts\/37883\/revisions\/37885"}],"wp:featuredmedia":[{"embeddable":true,"href":"https:\/\/radiocresatelital.com\/index.php?rest_route=\/wp\/v2\/media\/37884"}],"wp:attachment":[{"href":"https:\/\/radiocresatelital.com\/index.php?rest_route=%2Fwp%2Fv2%2Fmedia&parent=37883"}],"wp:term":[{"taxonomy":"category","embeddable":true,"href":"https:\/\/radiocresatelital.com\/index.php?rest_route=%2Fwp%2Fv2%2Fcategories&post=37883"},{"taxonomy":"post_tag","embeddable":true,"href":"https:\/\/radiocresatelital.com\/index.php?rest_route=%2Fwp%2Fv2%2Ftags&post=37883"}],"curies":[{"name":"wp","href":"https:\/\/api.w.org\/{rel}","templated":true}]}}