{"id":37877,"date":"2025-09-24T20:39:42","date_gmt":"2025-09-24T20:39:42","guid":{"rendered":"https:\/\/radiocresatelital.com\/?p=37877"},"modified":"2025-09-24T20:39:42","modified_gmt":"2025-09-24T20:39:42","slug":"manabi-y-galapagos-estrechan-lazos-de-hermandad","status":"publish","type":"post","link":"https:\/\/radiocresatelital.com\/?p=37877","title":{"rendered":"Manab\u00ed y Gal\u00e1pagos estrechan lazos de hermandad"},"content":{"rendered":"<p>Portoviejo.- La Viceprefecta de Manab\u00ed, Kelly Buenaventura, mantuvo un encuentro con la alcaldesa de Santa Cruz \u2013 Gal\u00e1pagos, Fanny Uribe L\u00f3pez, una mujer referente en liderazgo y compromiso con su comunidad.<\/p>\n<p>En este espacio de di\u00e1logo, la viceprefecta llev\u00f3 el saludo fraterno del prefecto Leonardo Orlando, y reafirm\u00f3 la voluntad de la Prefectura de Manab\u00ed de estrechar lazos de cooperaci\u00f3n y hermandad con autoridades locales del pa\u00eds.<\/p>\n<p>Durante la conversaci\u00f3n se compartieron experiencias y visiones sobre el rol de la mujer en la transformaci\u00f3n de los territorios, destacando la importancia de impulsar acciones conjuntas que promuevan el desarrollo inclusivo, justo y sostenible.<\/p>\n<p>\u201cGracias querida Fanny por tu invitaci\u00f3n y por inspirar con tu ejemplo. Estos espacios entre lideresas nos motivan a seguir construyendo futuros con dignidad y esperanza para nuestra gente\u201d, expres\u00f3 la viceprefecta.<\/p>\n<p>Con este encuentro, la Prefectura de Manab\u00ed reafirma su compromiso de seguir trabajando de la mano con lideresas y l\u00edderes de Ecuador, poniendo siempre a las personas y sus sue\u00f1os en el centro de la gesti\u00f3n p\u00fablica.<\/p>\n","protected":false},"excerpt":{"rendered":"<p>Portoviejo.- La Viceprefecta de Manab\u00ed, Kelly Buenaventura, mantuvo un encuentro con la alcaldesa de Santa Cruz \u2013 Gal\u00e1pagos, Fanny Uribe L\u00f3pez, una mujer referente en liderazgo y compromiso con su comunidad. En este espacio de di\u00e1logo, la viceprefecta llev\u00f3 el saludo fraterno del prefecto Leonardo Orlando, y reafirm\u00f3 la voluntad de la Prefectura de Manab\u00ed [&hellip;]<\/p>\n","protected":false},"author":2,"featured_media":37878,"comment_status":"open","ping_status":"closed","sticky":false,"template":"","format":"standard","meta":{"_jetpack_memberships_contains_paid_content":false,"footnotes":""},"categories":[13],"tags":[5988,5987],"class_list":["post-37877","post","type-post","status-publish","format-standard","has-post-thumbnail","hentry","category-noticias-nacionales","tag-kelly-buenaventura","tag-viceprefecta-de-manabi"],"jetpack_featured_media_url":"https:\/\/radiocresatelital.com\/wp-content\/uploads\/2025\/09\/WhatsApp-Image-2025-09-24-at-15.37.38.jpeg","jetpack_sharing_enabled":true,"_links":{"self":[{"href":"https:\/\/radiocresatelital.com\/index.php?rest_route=\/wp\/v2\/posts\/37877","targetHints":{"allow":["GET"]}}],"collection":[{"href":"https:\/\/radiocresatelital.com\/index.php?rest_route=\/wp\/v2\/posts"}],"about":[{"href":"https:\/\/radiocresatelital.com\/index.php?rest_route=\/wp\/v2\/types\/post"}],"author":[{"embeddable":true,"href":"https:\/\/radiocresatelital.com\/index.php?rest_route=\/wp\/v2\/users\/2"}],"replies":[{"embeddable":true,"href":"https:\/\/radiocresatelital.com\/index.php?rest_route=%2Fwp%2Fv2%2Fcomments&post=37877"}],"version-history":[{"count":1,"href":"https:\/\/radiocresatelital.com\/index.php?rest_route=\/wp\/v2\/posts\/37877\/revisions"}],"predecessor-version":[{"id":37879,"href":"https:\/\/radiocresatelital.com\/index.php?rest_route=\/wp\/v2\/posts\/37877\/revisions\/37879"}],"wp:featuredmedia":[{"embeddable":true,"href":"https:\/\/radiocresatelital.com\/index.php?rest_route=\/wp\/v2\/media\/37878"}],"wp:attachment":[{"href":"https:\/\/radiocresatelital.com\/index.php?rest_route=%2Fwp%2Fv2%2Fmedia&parent=37877"}],"wp:term":[{"taxonomy":"category","embeddable":true,"href":"https:\/\/radiocresatelital.com\/index.php?rest_route=%2Fwp%2Fv2%2Fcategories&post=37877"},{"taxonomy":"post_tag","embeddable":true,"href":"https:\/\/radiocresatelital.com\/index.php?rest_route=%2Fwp%2Fv2%2Ftags&post=37877"}],"curies":[{"name":"wp","href":"https:\/\/api.w.org\/{rel}","templated":true}]}}