{"id":37865,"date":"2025-09-24T20:20:51","date_gmt":"2025-09-24T20:20:51","guid":{"rendered":"https:\/\/radiocresatelital.com\/?p=37865"},"modified":"2025-09-24T20:20:51","modified_gmt":"2025-09-24T20:20:51","slug":"conexion-vial-con-los-rios-y-manabi-mejora-gracias-a-la-obra-ejecutada-por-la-prefectura-ciudadana-del-guayas-con-la-ampliacion-de-carreteras-y-construccion-de-puentes","status":"publish","type":"post","link":"https:\/\/radiocresatelital.com\/?p=37865","title":{"rendered":"Conexi\u00f3n vial con Los R\u00edos y Manab\u00ed mejora gracias a la obra ejecutada por la Prefectura Ciudadana del Guayas con la ampliaci\u00f3n de carreteras y construcci\u00f3n de puentes"},"content":{"rendered":"<p><span style=\"font-weight: 400;\">Guayaquil.- Uno de los frentes de trabajo de la Prefectura Ciudadana del Guayas, se concentra en el cant\u00f3n Pedro Carbo con la ampliaci\u00f3n de dos a cuatro carriles, de 4.1 kil\u00f3metros, en la v\u00eda Nobol-La Cadena. La obra incluye cuatro puentes sobre el estero Las Aguas (2) y el r\u00edo Bachillero (2); dos de ellos ya est\u00e1n al servicio de la comunidad, con la iluminaci\u00f3n y se\u00f1alizaci\u00f3n correspondiente, en reemplazo de construcciones que cumplieron su vida \u00fatil.\u00a0<\/span><\/p>\n<p><span style=\"font-weight: 400;\">La acci\u00f3n liderada por la Direcci\u00f3n de Concesiones del Gobierno Provincial del Guayas, a trav\u00e9s de la empresa Conorte, tiene como objetivo fortalecer la conexi\u00f3n con Manab\u00ed. Hasta el momento, el levantamiento de un puente sobre el estero Las Aguas, de 32 metros de longitud, registra un avance del 78%, mientras que, la estructura sobre el r\u00edo Bachillero, de 50 metros de longitud, llega al 68%. Las dos obras viales, tienen como principal caracter\u00edstica la seguridad y resistencia para la circulaci\u00f3n vehicular, pudiendo soportar camiones de hasta 48 toneladas con una durabilidad proyectada de 75 a\u00f1os.\u00a0<\/span><\/p>\n<p><span style=\"font-weight: 400;\">Como parte de las labores que se ejecutan en Guayas, bajo la administraci\u00f3n de la Prefecta Marcela Agui\u00f1aga, otro equipo t\u00e9cnico trabaja en la rehabilitaci\u00f3n y asfaltado de 7.5 kil\u00f3metros de la carretera Balzar-Los Palitos que cuenta con un eficiente sistema de drenaje que incluye cunetas, alcantarillas y ductos cajones. La obra se pudo retomar luego de que, en mayo de 2024, la m\u00e1xima autoridad de la provincia, declare incumplido al anterior contratista. Actualmente, presenta un avance del 70% y se destaca como un nuevo punto de conexi\u00f3n con Los R\u00edos.\u00a0<\/span><\/p>\n<p><span style=\"font-weight: 400;\">\u201cSe da\u00f1aban los carros, las motos, sal\u00edamos a veces a caballo, a veces a pie. Gracias a Dios\u2026 Marcela Agui\u00f1aga nos ha dado esta v\u00eda de primer orden\u201d, destac\u00f3 William Plaza, del recinto Los Palitos. De esta forma, la Prefectura Ciudadana del Guayas garantiza el progreso de las comunidades.<\/span><\/p>\n","protected":false},"excerpt":{"rendered":"<p>Guayaquil.- Uno de los frentes de trabajo de la Prefectura Ciudadana del Guayas, se concentra en el cant\u00f3n Pedro Carbo con la ampliaci\u00f3n de dos a cuatro carriles, de 4.1 kil\u00f3metros, en la v\u00eda Nobol-La Cadena. La obra incluye cuatro puentes sobre el estero Las Aguas (2) y el r\u00edo Bachillero (2); dos de ellos [&hellip;]<\/p>\n","protected":false},"author":2,"featured_media":37866,"comment_status":"open","ping_status":"closed","sticky":false,"template":"","format":"standard","meta":{"_jetpack_memberships_contains_paid_content":false,"footnotes":""},"categories":[13],"tags":[2699,415],"class_list":["post-37865","post","type-post","status-publish","format-standard","has-post-thumbnail","hentry","category-noticias-nacionales","tag-prefecta-marcela-aguinaga","tag-prefectura-ciudadana-del-guayas"],"jetpack_featured_media_url":"https:\/\/radiocresatelital.com\/wp-content\/uploads\/2025\/09\/WhatsApp-Image-2025-09-24-at-08.16.53.jpeg","jetpack_sharing_enabled":true,"_links":{"self":[{"href":"https:\/\/radiocresatelital.com\/index.php?rest_route=\/wp\/v2\/posts\/37865","targetHints":{"allow":["GET"]}}],"collection":[{"href":"https:\/\/radiocresatelital.com\/index.php?rest_route=\/wp\/v2\/posts"}],"about":[{"href":"https:\/\/radiocresatelital.com\/index.php?rest_route=\/wp\/v2\/types\/post"}],"author":[{"embeddable":true,"href":"https:\/\/radiocresatelital.com\/index.php?rest_route=\/wp\/v2\/users\/2"}],"replies":[{"embeddable":true,"href":"https:\/\/radiocresatelital.com\/index.php?rest_route=%2Fwp%2Fv2%2Fcomments&post=37865"}],"version-history":[{"count":1,"href":"https:\/\/radiocresatelital.com\/index.php?rest_route=\/wp\/v2\/posts\/37865\/revisions"}],"predecessor-version":[{"id":37867,"href":"https:\/\/radiocresatelital.com\/index.php?rest_route=\/wp\/v2\/posts\/37865\/revisions\/37867"}],"wp:featuredmedia":[{"embeddable":true,"href":"https:\/\/radiocresatelital.com\/index.php?rest_route=\/wp\/v2\/media\/37866"}],"wp:attachment":[{"href":"https:\/\/radiocresatelital.com\/index.php?rest_route=%2Fwp%2Fv2%2Fmedia&parent=37865"}],"wp:term":[{"taxonomy":"category","embeddable":true,"href":"https:\/\/radiocresatelital.com\/index.php?rest_route=%2Fwp%2Fv2%2Fcategories&post=37865"},{"taxonomy":"post_tag","embeddable":true,"href":"https:\/\/radiocresatelital.com\/index.php?rest_route=%2Fwp%2Fv2%2Ftags&post=37865"}],"curies":[{"name":"wp","href":"https:\/\/api.w.org\/{rel}","templated":true}]}}