{"id":37856,"date":"2025-09-24T19:52:08","date_gmt":"2025-09-24T19:52:08","guid":{"rendered":"https:\/\/radiocresatelital.com\/?p=37856"},"modified":"2025-09-24T19:52:08","modified_gmt":"2025-09-24T19:52:08","slug":"ventas-en-ecuador-crecen-137-en-septiembre-pese-a-focalizados-intentos-de-paralizacion","status":"publish","type":"post","link":"https:\/\/radiocresatelital.com\/?p=37856","title":{"rendered":"Ventas en Ecuador crecen 13,7 % en Septiembre, pese a focalizados intentos de paralizaci\u00f3n"},"content":{"rendered":"<p>Quito.- En medio de un escenario marcado por llamados a paralizaci\u00f3n, los datos econ\u00f3micos muestran una tendencia distinta: la actividad productiva del pa\u00eds sigue en expansi\u00f3n. Entre el 1 y el 22 de septiembre de 2025 las ventas diarias seg\u00fan facturaci\u00f3n electr\u00f3nica sumaron USD 15.505,8 millones, lo que equivale a un crecimiento del 13,7 % en comparaci\u00f3n con el mismo per\u00edodo del a\u00f1o anterior (USD 13.633,8 millones en 2024).<\/p>\n<p>Este desempe\u00f1o positivo se da a pesar de los intentos de paralizaci\u00f3n por parte de ciertos actores que buscan desestabilizar el Ecuador. Adem\u00e1s, confirma la resiliencia del aparato productivo nacional y la disposici\u00f3n de amplios sectores a mantener la actividad econ\u00f3mica, con trabajo y estabilidad.<\/p>\n<p><strong>Provincias con mayor dinamismo<\/strong><br \/>\n\u2022 Gal\u00e1pagos: 73,5 %, impulsado por la recuperaci\u00f3n del turismo y los servicios.<br \/>\n\u2022 Santa Elena: 63,4 %, con fuerte incidencia del comercio y el turismo costero.<br \/>\n\u2022 Esmeraldas: 32,5 %, consolidando sectores estrat\u00e9gicos como pesca, comercio.<\/p>\n<p>A ello se suman Zamora Chinchipe (+32,2 %) y Chimborazo (+24,0 %).<\/p>\n<p><strong>Provincias de mayor peso econ\u00f3mico<\/strong><br \/>\n\u2022 Pichincha: creci\u00f3 un 15,4 %, con ventas por USD 6.172,5 millones.<br \/>\n\u2022 Guayas: 9,2 %, alcanzando USD 5.390,9 millones.<\/p>\n<p>En conjunto, estas dos provincias concentran m\u00e1s del 75 % de las ventas nacionales, manteni\u00e9ndose como los principales polos econ\u00f3micos del pa\u00eds.<\/p>\n<p>El balance evidencia que la econom\u00eda del pa\u00eds, bajo el liderazgo del presidente Daniel Noboa Azin, mantiene un ritmo sostenido de recuperaci\u00f3n y expansi\u00f3n aun en medio de actores y acciones que buscan sembrar el miedo y el caos.<\/p>\n<p>El crecimiento registrado en septiembre refleja no solo la decisi\u00f3n del Gobierno de abrir oportunidades para todos, sino tambi\u00e9n el compromiso ciudadano de seguir produciendo, trabajando y aportando al desarrollo del Ecuador<\/p>\n","protected":false},"excerpt":{"rendered":"<p>Quito.- En medio de un escenario marcado por llamados a paralizaci\u00f3n, los datos econ\u00f3micos muestran una tendencia distinta: la actividad productiva del pa\u00eds sigue en expansi\u00f3n. Entre el 1 y el 22 de septiembre de 2025 las ventas diarias seg\u00fan facturaci\u00f3n electr\u00f3nica sumaron USD 15.505,8 millones, lo que equivale a un crecimiento del 13,7 % [&hellip;]<\/p>\n","protected":false},"author":2,"featured_media":37857,"comment_status":"open","ping_status":"closed","sticky":false,"template":"","format":"standard","meta":{"_jetpack_memberships_contains_paid_content":false,"footnotes":""},"categories":[13],"tags":[5985],"class_list":["post-37856","post","type-post","status-publish","format-standard","has-post-thumbnail","hentry","category-noticias-nacionales","tag-ventas-en-ecuador"],"jetpack_featured_media_url":"https:\/\/radiocresatelital.com\/wp-content\/uploads\/2025\/09\/66523a66c1600.jpeg","jetpack_sharing_enabled":true,"_links":{"self":[{"href":"https:\/\/radiocresatelital.com\/index.php?rest_route=\/wp\/v2\/posts\/37856","targetHints":{"allow":["GET"]}}],"collection":[{"href":"https:\/\/radiocresatelital.com\/index.php?rest_route=\/wp\/v2\/posts"}],"about":[{"href":"https:\/\/radiocresatelital.com\/index.php?rest_route=\/wp\/v2\/types\/post"}],"author":[{"embeddable":true,"href":"https:\/\/radiocresatelital.com\/index.php?rest_route=\/wp\/v2\/users\/2"}],"replies":[{"embeddable":true,"href":"https:\/\/radiocresatelital.com\/index.php?rest_route=%2Fwp%2Fv2%2Fcomments&post=37856"}],"version-history":[{"count":1,"href":"https:\/\/radiocresatelital.com\/index.php?rest_route=\/wp\/v2\/posts\/37856\/revisions"}],"predecessor-version":[{"id":37858,"href":"https:\/\/radiocresatelital.com\/index.php?rest_route=\/wp\/v2\/posts\/37856\/revisions\/37858"}],"wp:featuredmedia":[{"embeddable":true,"href":"https:\/\/radiocresatelital.com\/index.php?rest_route=\/wp\/v2\/media\/37857"}],"wp:attachment":[{"href":"https:\/\/radiocresatelital.com\/index.php?rest_route=%2Fwp%2Fv2%2Fmedia&parent=37856"}],"wp:term":[{"taxonomy":"category","embeddable":true,"href":"https:\/\/radiocresatelital.com\/index.php?rest_route=%2Fwp%2Fv2%2Fcategories&post=37856"},{"taxonomy":"post_tag","embeddable":true,"href":"https:\/\/radiocresatelital.com\/index.php?rest_route=%2Fwp%2Fv2%2Ftags&post=37856"}],"curies":[{"name":"wp","href":"https:\/\/api.w.org\/{rel}","templated":true}]}}