{"id":37851,"date":"2025-09-24T18:55:09","date_gmt":"2025-09-24T18:55:09","guid":{"rendered":"https:\/\/radiocresatelital.com\/?p=37851"},"modified":"2025-09-24T18:55:09","modified_gmt":"2025-09-24T18:55:09","slug":"ventas-totales-en-el-punto-mas-alto-de-los-ultimos-anos","status":"publish","type":"post","link":"https:\/\/radiocresatelital.com\/?p=37851","title":{"rendered":"Ventas Totales en el punto m\u00e1s alto de los \u00faltimos a\u00f1os"},"content":{"rendered":"<p>Quito.- Las ventas representan el principal pulso de la dinamizaci\u00f3n econ\u00f3mica y, de enero a julio de 2025, las ventas totales en Ecuador llegaron a los USD 144.711 millones, el valor m\u00e1s alto, de acuerdo a los registros de los \u00faltimos 8 a\u00f1os. Inclusive la tasa de crecimiento anual lleg\u00f3 al 7,4%, y supera a las registradas en a\u00f1os pre-pandemia (2018: 6,5% y 2019: 3,6%).<\/p>\n<p>Este aumento de las ventas totales del 7,4%, en relaci\u00f3n a enero-julio 2024, se sustent\u00f3 por el impulso que est\u00e1n dando a la econom\u00eda las actividades de agricultura, manufactura, comercio, entre otras, que han registrado importantes porcentajes de crecimiento.<\/p>\n<p>Si se considera solo las ventas locales (sin exportaciones), el aumento fue del 7,3%, al pasar de USD 114.816 millones, de enero-julio 2024, a USD 123.174 millones, en enero-julio de 2025.<\/p>\n<p>A nivel provincial, destaca el aumento de las ventas totales en Pichincha, Guayas, Manab\u00ed, Azuay, El Oro y Los R\u00edos, cuyo aporte ha sido decisivo para fortalecer la econom\u00eda nacional y consolidar un comportamiento positivo en el comercio exterior.<\/p>\n","protected":false},"excerpt":{"rendered":"<p>Quito.- Las ventas representan el principal pulso de la dinamizaci\u00f3n econ\u00f3mica y, de enero a julio de 2025, las ventas totales en Ecuador llegaron a los USD 144.711 millones, el valor m\u00e1s alto, de acuerdo a los registros de los \u00faltimos 8 a\u00f1os. Inclusive la tasa de crecimiento anual lleg\u00f3 al 7,4%, y supera a [&hellip;]<\/p>\n","protected":false},"author":2,"featured_media":37852,"comment_status":"open","ping_status":"closed","sticky":false,"template":"","format":"standard","meta":{"_jetpack_memberships_contains_paid_content":false,"footnotes":""},"categories":[13],"tags":[5984],"class_list":["post-37851","post","type-post","status-publish","format-standard","has-post-thumbnail","hentry","category-noticias-nacionales","tag-ventas-totales"],"jetpack_featured_media_url":"https:\/\/radiocresatelital.com\/wp-content\/uploads\/2025\/09\/WhatsApp-Image-2025-09-24-at-09.50.12.jpeg","jetpack_sharing_enabled":true,"_links":{"self":[{"href":"https:\/\/radiocresatelital.com\/index.php?rest_route=\/wp\/v2\/posts\/37851","targetHints":{"allow":["GET"]}}],"collection":[{"href":"https:\/\/radiocresatelital.com\/index.php?rest_route=\/wp\/v2\/posts"}],"about":[{"href":"https:\/\/radiocresatelital.com\/index.php?rest_route=\/wp\/v2\/types\/post"}],"author":[{"embeddable":true,"href":"https:\/\/radiocresatelital.com\/index.php?rest_route=\/wp\/v2\/users\/2"}],"replies":[{"embeddable":true,"href":"https:\/\/radiocresatelital.com\/index.php?rest_route=%2Fwp%2Fv2%2Fcomments&post=37851"}],"version-history":[{"count":1,"href":"https:\/\/radiocresatelital.com\/index.php?rest_route=\/wp\/v2\/posts\/37851\/revisions"}],"predecessor-version":[{"id":37853,"href":"https:\/\/radiocresatelital.com\/index.php?rest_route=\/wp\/v2\/posts\/37851\/revisions\/37853"}],"wp:featuredmedia":[{"embeddable":true,"href":"https:\/\/radiocresatelital.com\/index.php?rest_route=\/wp\/v2\/media\/37852"}],"wp:attachment":[{"href":"https:\/\/radiocresatelital.com\/index.php?rest_route=%2Fwp%2Fv2%2Fmedia&parent=37851"}],"wp:term":[{"taxonomy":"category","embeddable":true,"href":"https:\/\/radiocresatelital.com\/index.php?rest_route=%2Fwp%2Fv2%2Fcategories&post=37851"},{"taxonomy":"post_tag","embeddable":true,"href":"https:\/\/radiocresatelital.com\/index.php?rest_route=%2Fwp%2Fv2%2Ftags&post=37851"}],"curies":[{"name":"wp","href":"https:\/\/api.w.org\/{rel}","templated":true}]}}