{"id":37845,"date":"2025-09-24T18:23:08","date_gmt":"2025-09-24T18:23:08","guid":{"rendered":"https:\/\/radiocresatelital.com\/?p=37845"},"modified":"2025-09-24T18:23:08","modified_gmt":"2025-09-24T18:23:08","slug":"guayaquileate-prefectura-ciudadana-del-guayas-lanza-su-agenda-de-actividades-para-las-fiestas-octubrinas","status":"publish","type":"post","link":"https:\/\/radiocresatelital.com\/?p=37845","title":{"rendered":"Guayaquil\u00e9ate: Prefectura Ciudadana del Guayas lanza su agenda de actividades para las fiestas octubrinas"},"content":{"rendered":"<p><span style=\"font-weight: 400;\">Guayaquil.- En una rueda de prensa, la Prefecta del Guayas, Marcela Agui\u00f1aga, present\u00f3 hoy la agenda de actividades de octubre enmarcada nuevamente en la Campa\u00f1a Guayaquil\u00e9ate, una invitaci\u00f3n directa a guayaquile\u00f1os y visitantes a quedarse en la ciudad y celebrar sus fiestas de independencia en casa. Con esta iniciativa, la Prefectura Ciudadana del Guayas apunta a fortalecer la identidad local y reactivar la econom\u00eda provincial mediante el impulso del consumo interno, el turismo urbano y la participaci\u00f3n ciudadana.<\/span><\/p>\n<p><span style=\"font-weight: 400;\">Durante su intervenci\u00f3n, la Prefecta Agui\u00f1aga enfatiz\u00f3 que el llamado a los ciudadanos es claro: \u201cA pesar que vivimos tiempos dif\u00edciles, aqu\u00ed en Guayas nadie se rinde\u201d, lo que se traduce en generar oportunidades en lugar de pensar en salir o viajar, disfrutar en la propia ciudad, vivir sus espacios culturales y apoyar a los emprendedores locales. Esta campa\u00f1a transmite un mensaje simb\u00f3lico: que quedarse en Guayaquil no sea una opci\u00f3n secundaria, sino el acto principal de festejo. \u201cPorque cuando los guayaquile\u00f1os nos unimos siempre, pero siempre salimos adelante\u201d, recalc\u00f3 la m\u00e1xima autoridad de la provincia.<\/span><\/p>\n<p><span style=\"font-weight: 400;\">La agenda de Guayaquil\u00e9ate incluye una serie de eventos distribuidos que buscan abarcar distintos p\u00fablicos: familias, j\u00f3venes, amantes de la cultura, turistas locales, etc. Entre las actividades destacan:<\/span><\/p>\n<ul>\n<li style=\"list-style-type: none;\">\n<ul>\n<li style=\"font-weight: 400;\" aria-level=\"1\"><b>Guayas 2.0: <\/b><span style=\"font-weight: 400;\">Un programa de formaci\u00f3n para creadores de contenido digital, donde los inscritos aprender\u00e1n totalmente gratis, durante 1 mes (desde el 1 de octubre), el uso de aplicaciones y herramientas tecnol\u00f3gicas, desarrollo de marca personal, estrategias de redes sociales y generaci\u00f3n de ingresos digitales.<\/span><\/li>\n<\/ul>\n<\/li>\n<\/ul>\n<ul>\n<li aria-level=\"1\"><b>S\u00e1bados de Artesperanza: <\/b><span style=\"font-weight: 400;\">Espacios itinerantes art\u00edsticos en barrios de Guayaquil.<\/span><\/li>\n<\/ul>\n<ul>\n<li aria-level=\"1\"><b>Guayas\u00f3n \u2013 Segunda edici\u00f3n y Mercado de Sabores: <\/b><span style=\"font-weight: 400;\">El 10 de octubre llega el Festival de m\u00fasica gratuito con artistas nacionales e internacionales: AU-D, Don Medardo y sus Players, Joseph Amado y Carlos Garc\u00eda, entre otros. Adem\u00e1s, la presencia de 130 emprendedores guayasenses pondr\u00e1 lo mejor de la gastronom\u00eda local.<\/span><\/li>\n<\/ul>\n<ul>\n<li aria-level=\"1\"><b>Reguet\u00f3n Sinf\u00f3nico Vol. 2: <\/b><span style=\"font-weight: 400;\">18 de octubre.<\/span><\/li>\n<\/ul>\n<p><b><\/b><b>Noche Sinf\u00f3nica en la Catedral: <\/b><span style=\"font-weight: 400;\">24 de octubre.<\/span><\/p>\n","protected":false},"excerpt":{"rendered":"<p>Guayaquil.- En una rueda de prensa, la Prefecta del Guayas, Marcela Agui\u00f1aga, present\u00f3 hoy la agenda de actividades de octubre enmarcada nuevamente en la Campa\u00f1a Guayaquil\u00e9ate, una invitaci\u00f3n directa a guayaquile\u00f1os y visitantes a quedarse en la ciudad y celebrar sus fiestas de independencia en casa. Con esta iniciativa, la Prefectura Ciudadana del Guayas apunta [&hellip;]<\/p>\n","protected":false},"author":2,"featured_media":37846,"comment_status":"open","ping_status":"closed","sticky":false,"template":"","format":"standard","meta":{"_jetpack_memberships_contains_paid_content":false,"footnotes":""},"categories":[1],"tags":[5983,248,1406],"class_list":["post-37845","post","type-post","status-publish","format-standard","has-post-thumbnail","hentry","category-publicidad","tag-campana-guayaquileate","tag-marcela-aguinaga","tag-prefecta-del-guayas"],"jetpack_featured_media_url":"https:\/\/radiocresatelital.com\/wp-content\/uploads\/2025\/09\/WhatsApp-Image-2025-09-24-at-13.06.49.jpeg","jetpack_sharing_enabled":true,"_links":{"self":[{"href":"https:\/\/radiocresatelital.com\/index.php?rest_route=\/wp\/v2\/posts\/37845","targetHints":{"allow":["GET"]}}],"collection":[{"href":"https:\/\/radiocresatelital.com\/index.php?rest_route=\/wp\/v2\/posts"}],"about":[{"href":"https:\/\/radiocresatelital.com\/index.php?rest_route=\/wp\/v2\/types\/post"}],"author":[{"embeddable":true,"href":"https:\/\/radiocresatelital.com\/index.php?rest_route=\/wp\/v2\/users\/2"}],"replies":[{"embeddable":true,"href":"https:\/\/radiocresatelital.com\/index.php?rest_route=%2Fwp%2Fv2%2Fcomments&post=37845"}],"version-history":[{"count":1,"href":"https:\/\/radiocresatelital.com\/index.php?rest_route=\/wp\/v2\/posts\/37845\/revisions"}],"predecessor-version":[{"id":37847,"href":"https:\/\/radiocresatelital.com\/index.php?rest_route=\/wp\/v2\/posts\/37845\/revisions\/37847"}],"wp:featuredmedia":[{"embeddable":true,"href":"https:\/\/radiocresatelital.com\/index.php?rest_route=\/wp\/v2\/media\/37846"}],"wp:attachment":[{"href":"https:\/\/radiocresatelital.com\/index.php?rest_route=%2Fwp%2Fv2%2Fmedia&parent=37845"}],"wp:term":[{"taxonomy":"category","embeddable":true,"href":"https:\/\/radiocresatelital.com\/index.php?rest_route=%2Fwp%2Fv2%2Fcategories&post=37845"},{"taxonomy":"post_tag","embeddable":true,"href":"https:\/\/radiocresatelital.com\/index.php?rest_route=%2Fwp%2Fv2%2Ftags&post=37845"}],"curies":[{"name":"wp","href":"https:\/\/api.w.org\/{rel}","templated":true}]}}