{"id":3784,"date":"2023-09-06T23:12:23","date_gmt":"2023-09-06T23:12:23","guid":{"rendered":"https:\/\/radiocresatelital.com\/?p=3784"},"modified":"2023-09-07T02:18:45","modified_gmt":"2023-09-07T02:18:45","slug":"glas-no-acudio-a-audiencia-en-fiscalia","status":"publish","type":"post","link":"https:\/\/radiocresatelital.com\/?p=3784","title":{"rendered":"Glas no acudi\u00f3 a audiencia en Fiscal\u00eda"},"content":{"rendered":"<p>Quito.- La Fiscal\u00eda ten\u00eda previsto formular cargos esta ma\u00f1ana\u00a0 a las 8h30 en contra del Jorge Glas, ex vicepresidente, Carlos Bernal, exsecretario del Comit\u00e9 para la Reconstrucci\u00f3n de Manab\u00ed, y Pablo Ortiz, exgerente de Ecuador Estrat\u00e9gico por el presunto delito de peculado, vinculado a las obras que no se hicieron o quedaron inconclusas luego del terremoto de Pedernales en el 2016.<\/p>\n<p>Luis Rivera, fue el juez que convoc\u00f3 la diligencia que deb\u00eda darse hoy, pero en su lugar solo se encontr\u00f3 con la ausencia de los citados e incluso de sus abogados, pues no hicieron presencia ni siquiera de forma telem\u00e1tica.<\/p>\n<p>La \u00fanica explicaci\u00f3n que recibieron el juez y la Fiscal, fue un certificado m\u00e9dico que hablaba de un choque anafil\u00e1ctico y dermatitis at\u00f3pica, es decir, alergias, no especificaba en que grado, por lo que le fue otorgaron 3 d\u00edas de descanso.<\/p>\n","protected":false},"excerpt":{"rendered":"<p>Quito.- La Fiscal\u00eda ten\u00eda previsto formular cargos esta ma\u00f1ana\u00a0 a las 8h30 en contra del Jorge Glas, ex vicepresidente, Carlos Bernal, exsecretario del Comit\u00e9 para la Reconstrucci\u00f3n de Manab\u00ed, y Pablo Ortiz, exgerente de Ecuador Estrat\u00e9gico por el presunto delito de peculado, vinculado a las obras que no se hicieron o quedaron inconclusas luego del [&hellip;]<\/p>\n","protected":false},"author":3,"featured_media":3789,"comment_status":"open","ping_status":"closed","sticky":false,"template":"","format":"standard","meta":{"_jetpack_memberships_contains_paid_content":false,"footnotes":""},"categories":[13],"tags":[725],"class_list":["post-3784","post","type-post","status-publish","format-standard","has-post-thumbnail","hentry","category-noticias-nacionales","tag-jorge-glas"],"jetpack_featured_media_url":"https:\/\/radiocresatelital.com\/wp-content\/uploads\/2023\/09\/Glas.jpg","jetpack_sharing_enabled":true,"_links":{"self":[{"href":"https:\/\/radiocresatelital.com\/index.php?rest_route=\/wp\/v2\/posts\/3784","targetHints":{"allow":["GET"]}}],"collection":[{"href":"https:\/\/radiocresatelital.com\/index.php?rest_route=\/wp\/v2\/posts"}],"about":[{"href":"https:\/\/radiocresatelital.com\/index.php?rest_route=\/wp\/v2\/types\/post"}],"author":[{"embeddable":true,"href":"https:\/\/radiocresatelital.com\/index.php?rest_route=\/wp\/v2\/users\/3"}],"replies":[{"embeddable":true,"href":"https:\/\/radiocresatelital.com\/index.php?rest_route=%2Fwp%2Fv2%2Fcomments&post=3784"}],"version-history":[{"count":2,"href":"https:\/\/radiocresatelital.com\/index.php?rest_route=\/wp\/v2\/posts\/3784\/revisions"}],"predecessor-version":[{"id":3793,"href":"https:\/\/radiocresatelital.com\/index.php?rest_route=\/wp\/v2\/posts\/3784\/revisions\/3793"}],"wp:featuredmedia":[{"embeddable":true,"href":"https:\/\/radiocresatelital.com\/index.php?rest_route=\/wp\/v2\/media\/3789"}],"wp:attachment":[{"href":"https:\/\/radiocresatelital.com\/index.php?rest_route=%2Fwp%2Fv2%2Fmedia&parent=3784"}],"wp:term":[{"taxonomy":"category","embeddable":true,"href":"https:\/\/radiocresatelital.com\/index.php?rest_route=%2Fwp%2Fv2%2Fcategories&post=3784"},{"taxonomy":"post_tag","embeddable":true,"href":"https:\/\/radiocresatelital.com\/index.php?rest_route=%2Fwp%2Fv2%2Ftags&post=3784"}],"curies":[{"name":"wp","href":"https:\/\/api.w.org\/{rel}","templated":true}]}}